{"id":5192,"date":"2023-08-23T12:45:03","date_gmt":"2023-08-23T09:45:03","guid":{"rendered":"https:\/\/guncelkesintiler.com\/bilgi\/?p=5192"},"modified":"2023-08-23T12:45:03","modified_gmt":"2023-08-23T09:45:03","slug":"gdz-elektrikten-mutlu-eden-elektrik-kesintisi-haberi","status":"publish","type":"post","link":"https:\/\/guncelkesintiler.com\/bilgi\/gdz-elektrikten-mutlu-eden-elektrik-kesintisi-haberi\/","title":{"rendered":"GDZ Elektrik&#8217;ten Mutlu Eden Elektrik Kesintisi Haberi"},"content":{"rendered":"<p>\u0130zmir&#8217;in elektrik da\u011f\u0131t\u0131m \u015firketi GDZ Elektrik d\u00fcn abonelerine s\u0131rad\u0131\u015f\u0131 bir mesaj ge\u00e7ti ve leyleklerin g\u00f6\u00e7 yolunda kalan b\u00f6lgelerde kesinti yapmak zorunda olduklar\u0131n\u0131 belirtti.<\/p>\n<blockquote><p><span>De\u011ferli m\u00fc\u015fterilerimiz, hava s\u0131cakl\u0131klar\u0131ndaki ola\u011fan d\u0131\u015f\u0131 art\u0131\u015f nedeniyle leylek g\u00f6\u00e7 rotas\u0131 ve g\u00f6\u00e7 zaman\u0131nda de\u011fi\u015fiklikler meydana gelmi\u015ftir. Seferihisar il\u00e7esi Do\u011fanbey ve Payaml\u0131 mahallelerinde yo\u011fun leylek ge\u00e7i\u015fi ge\u00e7i\u015fi sebebiyle g\u00fcvenlik ama\u00e7l\u0131 elektrik kesintisi uygulanmaktad\u0131r. Leylekler ile ilgili t\u00fcm g\u00fcvenlik \u00f6nlemlerinin al\u0131nmas\u0131yla birlikte b\u00f6lgeye tekrar elektrik verilebilecektir. Anlay\u0131\u015f\u0131n\u0131z i\u00e7in te\u015fekk\u00fcr ederiz.<\/span><\/p><\/blockquote>\n<p>Mesaj\u0131yla abonelerini bilgilendiren \u015firketin bu davran\u0131\u015f\u0131na twitter kullan\u0131c\u0131lar\u0131ndan g\u00fczel tepkiler geldi. Ku\u015f g\u00f6zlemcisi Alper T\u00fcyde\u015f kendisine gelen mesaj\u0131 &#8220;Bir elektrik kesintisi insan\u0131 ancak bu kadar mutlu edebilir. GDZ ELEKTR\u0130K d\u00fcn abonelerine b\u00f6yle bir msj atm\u0131\u015f. Bu g\u00fczel hareketi o yo\u011fun g\u00f6\u00e7\u00fcn ya\u015fand\u0131\u011f\u0131 b\u00f6lgelerden ba\u015flayarak tellerin direkten \u00e7\u0131k\u0131\u015flar\u0131n\u0131 yal\u0131t\u0131ml\u0131 hale getirerek ta\u00e7land\u0131r\u0131rlarsa ne g\u00fczel olur&#8221; s\u00f6zleri ile payla\u015ft\u0131. Devam\u0131nda kesintiye neden olan leyleklerin g\u00f6r\u00fcnt\u00fcs\u00fcn\u00fc GED\u0130Z elektrikten isteyen kullan\u0131c\u0131, Seferihisar il\u00e7esinde yo\u011fun g\u00f6\u00e7 eden leyleklerin g\u00f6r\u00fcnt\u00fclerini de payla\u015ft\u0131.<\/p>\n<p><img decoding=\"async\" data-src=\"https:\/\/guncelkesintiler.com\/bilgi\/wp-content\/uploads\/2023\/08\/resim_2023-08-23_124030194.png\" alt=\"\" width=\"465\" height=\"689\" class=\"aligncenter wp-image-5194 size-full lazyload\" data-srcset=\"https:\/\/guncelkesintiler.com\/bilgi\/wp-content\/uploads\/2023\/08\/resim_2023-08-23_124030194.png 465w, https:\/\/guncelkesintiler.com\/bilgi\/wp-content\/uploads\/2023\/08\/resim_2023-08-23_124030194-202x300.png 202w, https:\/\/guncelkesintiler.com\/bilgi\/wp-content\/uploads\/2023\/08\/resim_2023-08-23_124030194-150x222.png 150w\" data-sizes=\"(max-width: 465px) 100vw, 465px\" src=\"data:image\/svg+xml;base64,PHN2ZyB3aWR0aD0iMSIgaGVpZ2h0PSIxIiB4bWxucz0iaHR0cDovL3d3dy53My5vcmcvMjAwMC9zdmciPjwvc3ZnPg==\" style=\"--smush-placeholder-width: 465px; --smush-placeholder-aspect-ratio: 465\/689;\" \/><\/p>\n<p>Leyleklerin her g\u00f6\u00e7 d\u00f6nemi direklere \u00e7arparak elektrik ak\u0131m\u0131na kap\u0131ld\u0131\u011f\u0131 haberlerinin geleneksel oldu\u011fu \u00fclkemizde bu tarz ad\u0131mlar\u0131n en az\u0131ndan ba\u015flang\u0131\u00e7 olmas\u0131 ve \u00f6nlemlerin al\u0131nmas\u0131 i\u00e7in bir ad\u0131m olmas\u0131 olumlu bir haber olarak de\u011ferlendirildi.<\/p>\n","protected":false},"excerpt":{"rendered":"<p>\u0130zmir&#8217;in elektrik da\u011f\u0131t\u0131m \u015firketi GDZ Elektrik d\u00fcn abonelerine s\u0131rad\u0131\u015f\u0131 bir mesaj ge\u00e7ti ve leyleklerin g\u00f6\u00e7 yolunda kalan b\u00f6lgelerde kesinti yapmak zorunda olduklar\u0131n\u0131 belirtti. De\u011ferli m\u00fc\u015fterilerimiz, hava s\u0131cakl\u0131klar\u0131ndaki ola\u011fan d\u0131\u015f\u0131 art\u0131\u015f nedeniyle leylek g\u00f6\u00e7 rotas\u0131 ve g\u00f6\u00e7 zaman\u0131nda de\u011fi\u015fiklikler meydana gelmi\u015ftir. Seferihisar il\u00e7esi Do\u011fanbey ve Payaml\u0131 mahallelerinde yo\u011fun leylek ge\u00e7i\u015fi ge\u00e7i\u015fi [&hellip;]<\/p>\n","protected":false},"author":2,"featured_media":5193,"comment_status":"open","ping_status":"closed","sticky":false,"template":"","format":"standard","meta":{"footnotes":""},"categories":[93],"tags":[37,264,451],"class_list":["post-5192","post","type-post","status-publish","format-standard","has-post-thumbnail","hentry","category-haber","tag-elektrik-kesintisi","tag-gdz","tag-leylek"],"yoast_head":"<!-- This site is optimized with the Yoast SEO plugin v27.5 - https:\/\/yoast.com\/product\/yoast-seo-wordpress\/ -->\n<title>GDZ Elektrik&#039;ten Mutlu Eden Elektrik Kesintisi Haberi - G\u00fcncel Kesintiler<\/title>\n<meta name=\"robots\" content=\"index, follow, max-snippet:-1, max-image-preview:large, max-video-preview:-1\" \/>\n<link rel=\"canonical\" href=\"https:\/\/guncelkesintiler.com\/bilgi\/gdz-elektrikten-mutlu-eden-elektrik-kesintisi-haberi\/\" \/>\n<meta property=\"og:locale\" content=\"tr_TR\" \/>\n<meta property=\"og:type\" content=\"article\" \/>\n<meta property=\"og:title\" content=\"GDZ Elektrik&#039;ten Mutlu Eden Elektrik Kesintisi Haberi - G\u00fcncel Kesintiler\" \/>\n<meta property=\"og:description\" content=\"\u0130zmir&#8217;in elektrik da\u011f\u0131t\u0131m \u015firketi GDZ Elektrik d\u00fcn abonelerine s\u0131rad\u0131\u015f\u0131 bir mesaj ge\u00e7ti ve leyleklerin g\u00f6\u00e7 yolunda kalan b\u00f6lgelerde kesinti yapmak zorunda olduklar\u0131n\u0131 belirtti. De\u011ferli m\u00fc\u015fterilerimiz, hava s\u0131cakl\u0131klar\u0131ndaki ola\u011fan d\u0131\u015f\u0131 art\u0131\u015f nedeniyle leylek g\u00f6\u00e7 rotas\u0131 ve g\u00f6\u00e7 zaman\u0131nda de\u011fi\u015fiklikler meydana gelmi\u015ftir. Seferihisar il\u00e7esi Do\u011fanbey ve Payaml\u0131 mahallelerinde yo\u011fun leylek ge\u00e7i\u015fi ge\u00e7i\u015fi [&hellip;]\" \/>\n<meta property=\"og:url\" content=\"https:\/\/guncelkesintiler.com\/bilgi\/gdz-elektrikten-mutlu-eden-elektrik-kesintisi-haberi\/\" \/>\n<meta property=\"og:site_name\" content=\"G\u00fcncel Kesintiler\" \/>\n<meta property=\"article:published_time\" content=\"2023-08-23T09:45:03+00:00\" \/>\n<meta property=\"og:image\" content=\"https:\/\/guncelkesintiler.com\/bilgi\/wp-content\/uploads\/2023\/08\/vkau25v1l5q.jpg\" \/>\n\t<meta property=\"og:image:width\" content=\"1600\" \/>\n\t<meta property=\"og:image:height\" content=\"1024\" \/>\n\t<meta property=\"og:image:type\" content=\"image\/jpeg\" \/>\n<meta name=\"author\" content=\"G\u00f6khan \u00c7\u0131nar\" \/>\n<meta name=\"twitter:card\" content=\"summary_large_image\" \/>\n<meta name=\"twitter:creator\" content=\"@GuncelKesinti\" \/>\n<meta name=\"twitter:site\" content=\"@GuncelKesinti\" \/>\n<meta name=\"twitter:label1\" content=\"Yazan:\" \/>\n\t<meta name=\"twitter:data1\" content=\"G\u00f6khan \u00c7\u0131nar\" \/>\n\t<meta name=\"twitter:label2\" content=\"Tahmini okuma s\u00fcresi\" \/>\n\t<meta name=\"twitter:data2\" content=\"1 dakika\" \/>\n<!-- \/ Yoast SEO plugin. -->","yoast_head_json":{"title":"GDZ Elektrik'ten Mutlu Eden Elektrik Kesintisi Haberi - G\u00fcncel Kesintiler","robots":{"index":"index","follow":"follow","max-snippet":"max-snippet:-1","max-image-preview":"max-image-preview:large","max-video-preview":"max-video-preview:-1"},"canonical":"https:\/\/guncelkesintiler.com\/bilgi\/gdz-elektrikten-mutlu-eden-elektrik-kesintisi-haberi\/","og_locale":"tr_TR","og_type":"article","og_title":"GDZ Elektrik'ten Mutlu Eden Elektrik Kesintisi Haberi - G\u00fcncel Kesintiler","og_description":"\u0130zmir&#8217;in elektrik da\u011f\u0131t\u0131m \u015firketi GDZ Elektrik d\u00fcn abonelerine s\u0131rad\u0131\u015f\u0131 bir mesaj ge\u00e7ti ve leyleklerin g\u00f6\u00e7 yolunda kalan b\u00f6lgelerde kesinti yapmak zorunda olduklar\u0131n\u0131 belirtti. De\u011ferli m\u00fc\u015fterilerimiz, hava s\u0131cakl\u0131klar\u0131ndaki ola\u011fan d\u0131\u015f\u0131 art\u0131\u015f nedeniyle leylek g\u00f6\u00e7 rotas\u0131 ve g\u00f6\u00e7 zaman\u0131nda de\u011fi\u015fiklikler meydana gelmi\u015ftir. Seferihisar il\u00e7esi Do\u011fanbey ve Payaml\u0131 mahallelerinde yo\u011fun leylek ge\u00e7i\u015fi ge\u00e7i\u015fi [&hellip;]","og_url":"https:\/\/guncelkesintiler.com\/bilgi\/gdz-elektrikten-mutlu-eden-elektrik-kesintisi-haberi\/","og_site_name":"G\u00fcncel Kesintiler","article_published_time":"2023-08-23T09:45:03+00:00","og_image":[{"width":1600,"height":1024,"url":"https:\/\/guncelkesintiler.com\/bilgi\/wp-content\/uploads\/2023\/08\/vkau25v1l5q.jpg","type":"image\/jpeg"}],"author":"G\u00f6khan \u00c7\u0131nar","twitter_card":"summary_large_image","twitter_creator":"@GuncelKesinti","twitter_site":"@GuncelKesinti","twitter_misc":{"Yazan:":"G\u00f6khan \u00c7\u0131nar","Tahmini okuma s\u00fcresi":"1 dakika"},"schema":{"@context":"https:\/\/schema.org","@graph":[{"@type":"Article","@id":"https:\/\/guncelkesintiler.com\/bilgi\/gdz-elektrikten-mutlu-eden-elektrik-kesintisi-haberi\/#article","isPartOf":{"@id":"https:\/\/guncelkesintiler.com\/bilgi\/gdz-elektrikten-mutlu-eden-elektrik-kesintisi-haberi\/"},"author":{"name":"G\u00f6khan \u00c7\u0131nar","@id":"https:\/\/guncelkesintiler.com\/bilgi\/#\/schema\/person\/ab6191fee541385939fafd4b5fcde21a"},"headline":"GDZ Elektrik&#8217;ten Mutlu Eden Elektrik Kesintisi Haberi","datePublished":"2023-08-23T09:45:03+00:00","mainEntityOfPage":{"@id":"https:\/\/guncelkesintiler.com\/bilgi\/gdz-elektrikten-mutlu-eden-elektrik-kesintisi-haberi\/"},"wordCount":277,"commentCount":0,"publisher":{"@id":"https:\/\/guncelkesintiler.com\/bilgi\/#organization"},"image":{"@id":"https:\/\/guncelkesintiler.com\/bilgi\/gdz-elektrikten-mutlu-eden-elektrik-kesintisi-haberi\/#primaryimage"},"thumbnailUrl":"https:\/\/guncelkesintiler.com\/bilgi\/wp-content\/uploads\/2023\/08\/vkau25v1l5q.jpg","keywords":["Elektrik Kesintisi","GDZ","leylek"],"articleSection":["Haber"],"inLanguage":"tr","potentialAction":[{"@type":"CommentAction","name":"Comment","target":["https:\/\/guncelkesintiler.com\/bilgi\/gdz-elektrikten-mutlu-eden-elektrik-kesintisi-haberi\/#respond"]}]},{"@type":"WebPage","@id":"https:\/\/guncelkesintiler.com\/bilgi\/gdz-elektrikten-mutlu-eden-elektrik-kesintisi-haberi\/","url":"https:\/\/guncelkesintiler.com\/bilgi\/gdz-elektrikten-mutlu-eden-elektrik-kesintisi-haberi\/","name":"GDZ Elektrik'ten Mutlu Eden Elektrik Kesintisi Haberi - G\u00fcncel Kesintiler","isPartOf":{"@id":"https:\/\/guncelkesintiler.com\/bilgi\/#website"},"primaryImageOfPage":{"@id":"https:\/\/guncelkesintiler.com\/bilgi\/gdz-elektrikten-mutlu-eden-elektrik-kesintisi-haberi\/#primaryimage"},"image":{"@id":"https:\/\/guncelkesintiler.com\/bilgi\/gdz-elektrikten-mutlu-eden-elektrik-kesintisi-haberi\/#primaryimage"},"thumbnailUrl":"https:\/\/guncelkesintiler.com\/bilgi\/wp-content\/uploads\/2023\/08\/vkau25v1l5q.jpg","datePublished":"2023-08-23T09:45:03+00:00","breadcrumb":{"@id":"https:\/\/guncelkesintiler.com\/bilgi\/gdz-elektrikten-mutlu-eden-elektrik-kesintisi-haberi\/#breadcrumb"},"inLanguage":"tr","potentialAction":[{"@type":"ReadAction","target":["https:\/\/guncelkesintiler.com\/bilgi\/gdz-elektrikten-mutlu-eden-elektrik-kesintisi-haberi\/"]}]},{"@type":"ImageObject","inLanguage":"tr","@id":"https:\/\/guncelkesintiler.com\/bilgi\/gdz-elektrikten-mutlu-eden-elektrik-kesintisi-haberi\/#primaryimage","url":"https:\/\/guncelkesintiler.com\/bilgi\/wp-content\/uploads\/2023\/08\/vkau25v1l5q.jpg","contentUrl":"https:\/\/guncelkesintiler.com\/bilgi\/wp-content\/uploads\/2023\/08\/vkau25v1l5q.jpg","width":1600,"height":1024},{"@type":"BreadcrumbList","@id":"https:\/\/guncelkesintiler.com\/bilgi\/gdz-elektrikten-mutlu-eden-elektrik-kesintisi-haberi\/#breadcrumb","itemListElement":[{"@type":"ListItem","position":1,"name":"Ana sayfa","item":"https:\/\/guncelkesintiler.com\/bilgi\/"},{"@type":"ListItem","position":2,"name":"GDZ Elektrik&#8217;ten Mutlu Eden Elektrik Kesintisi Haberi"}]},{"@type":"WebSite","@id":"https:\/\/guncelkesintiler.com\/bilgi\/#website","url":"https:\/\/guncelkesintiler.com\/bilgi\/","name":"G\u00fcncel Kesintiler","description":"Elektrik ve Su Kesintisi Haberleri","publisher":{"@id":"https:\/\/guncelkesintiler.com\/bilgi\/#organization"},"potentialAction":[{"@type":"SearchAction","target":{"@type":"EntryPoint","urlTemplate":"https:\/\/guncelkesintiler.com\/bilgi\/?s={search_term_string}"},"query-input":{"@type":"PropertyValueSpecification","valueRequired":true,"valueName":"search_term_string"}}],"inLanguage":"tr"},{"@type":"Organization","@id":"https:\/\/guncelkesintiler.com\/bilgi\/#organization","name":"G\u00fcncel Kesintiler","url":"https:\/\/guncelkesintiler.com\/bilgi\/","logo":{"@type":"ImageObject","inLanguage":"tr","@id":"https:\/\/guncelkesintiler.com\/bilgi\/#\/schema\/logo\/image\/","url":"https:\/\/guncelkesintiler.com\/bilgi\/wp-content\/uploads\/2019\/11\/logo.png","contentUrl":"https:\/\/guncelkesintiler.com\/bilgi\/wp-content\/uploads\/2019\/11\/logo.png","width":156,"height":64,"caption":"G\u00fcncel Kesintiler"},"image":{"@id":"https:\/\/guncelkesintiler.com\/bilgi\/#\/schema\/logo\/image\/"},"sameAs":["https:\/\/x.com\/GuncelKesinti"]},{"@type":"Person","@id":"https:\/\/guncelkesintiler.com\/bilgi\/#\/schema\/person\/ab6191fee541385939fafd4b5fcde21a","name":"G\u00f6khan \u00c7\u0131nar","image":{"@type":"ImageObject","inLanguage":"tr","@id":"https:\/\/secure.gravatar.com\/avatar\/86fe14a7515b427297f9f80892474a3982069a653c36baae4527accefce31a87?s=96&d=identicon&r=g","url":"https:\/\/secure.gravatar.com\/avatar\/86fe14a7515b427297f9f80892474a3982069a653c36baae4527accefce31a87?s=96&d=identicon&r=g","contentUrl":"https:\/\/secure.gravatar.com\/avatar\/86fe14a7515b427297f9f80892474a3982069a653c36baae4527accefce31a87?s=96&d=identicon&r=g","caption":"G\u00f6khan \u00c7\u0131nar"},"description":"Site y\u00f6neticisi ve imtiyaz sahibi. 2015 y\u0131l\u0131nda kurdu\u011fu G\u00fcncel kesintiler internet sitesi ile T\u00fcrkiye'nin elektrik ve su kesintisi haberlerini y\u0131llard\u0131r milyonlarca ki\u015fi ile payla\u015f\u0131yor.","sameAs":["https:\/\/guncelkesintiler.com"],"url":"https:\/\/guncelkesintiler.com\/bilgi\/author\/gokhan\/"}]}},"_links":{"self":[{"href":"https:\/\/guncelkesintiler.com\/bilgi\/wp-json\/wp\/v2\/posts\/5192","targetHints":{"allow":["GET"]}}],"collection":[{"href":"https:\/\/guncelkesintiler.com\/bilgi\/wp-json\/wp\/v2\/posts"}],"about":[{"href":"https:\/\/guncelkesintiler.com\/bilgi\/wp-json\/wp\/v2\/types\/post"}],"author":[{"embeddable":true,"href":"https:\/\/guncelkesintiler.com\/bilgi\/wp-json\/wp\/v2\/users\/2"}],"replies":[{"embeddable":true,"href":"https:\/\/guncelkesintiler.com\/bilgi\/wp-json\/wp\/v2\/comments?post=5192"}],"version-history":[{"count":1,"href":"https:\/\/guncelkesintiler.com\/bilgi\/wp-json\/wp\/v2\/posts\/5192\/revisions"}],"predecessor-version":[{"id":5195,"href":"https:\/\/guncelkesintiler.com\/bilgi\/wp-json\/wp\/v2\/posts\/5192\/revisions\/5195"}],"wp:featuredmedia":[{"embeddable":true,"href":"https:\/\/guncelkesintiler.com\/bilgi\/wp-json\/wp\/v2\/media\/5193"}],"wp:attachment":[{"href":"https:\/\/guncelkesintiler.com\/bilgi\/wp-json\/wp\/v2\/media?parent=5192"}],"wp:term":[{"taxonomy":"category","embeddable":true,"href":"https:\/\/guncelkesintiler.com\/bilgi\/wp-json\/wp\/v2\/categories?post=5192"},{"taxonomy":"post_tag","embeddable":true,"href":"https:\/\/guncelkesintiler.com\/bilgi\/wp-json\/wp\/v2\/tags?post=5192"}],"curies":[{"name":"wp","href":"https:\/\/api.w.org\/{rel}","templated":true}]}}