{"id":4982,"date":"2021-07-27T00:56:11","date_gmt":"2021-07-26T21:56:11","guid":{"rendered":"https:\/\/guncelkesintiler.com\/bilgi\/?p=4982"},"modified":"2021-07-27T00:56:11","modified_gmt":"2021-07-26T21:56:11","slug":"ankarada-27-temmuzda-elektrik-kesintisi-var","status":"publish","type":"post","link":"https:\/\/guncelkesintiler.com\/bilgi\/ankarada-27-temmuzda-elektrik-kesintisi-var\/","title":{"rendered":"Ankara&#8217;da 27 Temmuz&#8217;da Elektrik Kesintisi Var!"},"content":{"rendered":"<p>Ankara&#8217;da Ba\u015fkent Eda\u015f taraf\u0131ndan y\u00fcr\u00fct\u00fclen elektrik bak\u0131m onar\u0131m \u00e7al\u0131\u015fmalar\u0131 kurban bayram\u0131 tatilinin ard\u0131ndan devam ediyor. Ankara&#8217;n\u0131n hangi il\u00e7elerinde elektrik kesintisi var? Elektrikler ne zaman gelecek?<\/p>\n<p><img decoding=\"async\" data-src=\"https:\/\/guncelkesintiler.com\/bilgi\/wp-content\/uploads\/2021\/07\/ufeyddxlrp8.jpg\" alt=\"amp\u00fcl\" class=\"aligncenter size-full wp-image-4983 lazyload\" width=\"1600\" height=\"900\" src=\"data:image\/svg+xml;base64,PHN2ZyB3aWR0aD0iMSIgaGVpZ2h0PSIxIiB4bWxucz0iaHR0cDovL3d3dy53My5vcmcvMjAwMC9zdmciPjwvc3ZnPg==\" style=\"--smush-placeholder-width: 1600px; --smush-placeholder-aspect-ratio: 1600\/900;\" \/><\/p>\n<p>&nbsp;<\/p>\n<p>Ankara elektrik da\u011f\u0131t\u0131m\u0131ndan sorumlu \u015firket EnerjiSA n\u0131n a\u00e7\u0131klamalar\u0131na g\u00f6re bug\u00fcn Ankara&#8217;n\u0131n 5 il\u00e7esinde planl\u0131 elektrik kesintisi ya\u015fanacak. Farkl\u0131 saatlerde olan bu kesintiler Yenimahalle, \u00c7ankaya, Sincan, Ke\u00e7i\u00f6ren ve Akyurt il\u00e7elerinde yap\u0131lacak bak\u0131m onar\u0131m \u00e7al\u0131\u015fmalar\u0131 nedeniyle olacak. \u0130\u015fte saat saat 27 Temmuz Sal\u0131 Ankara elektrik kesintisi bilgileri.<\/p>\n<p>&nbsp;<\/p>\n<p><strong>YEN\u0130MAHALLE<\/strong><\/p>\n<ul>\n<li>09:00 &#8211; 17:00 Saatleri aras\u0131nda \u0130LKYERLE\u015e\u0130M , 1237 , 1939 , \u0130VED\u0130KK\u00d6Y, 3564 , KARDELEN, 1940 , SERHAT , MEL\u0130H G\u00d6K\u00c7EK , 2287 , 1238\/1 , 1238 , 1238\/2 , YUVAK\u00d6Y , 775 , GEN\u00c7 KARDE\u015eLER TOPLU \u0130\u015eYL. , \u0130VED\u0130KOSB , TURGUT \u00d6ZAL , 2118 , 1946 , 1954 , 1949 , 2113 , 1467 , 1947 , 1942 , 1953 Soka\u011f\u0131<\/li>\n<li>10:00 &#8211; 17:00 Saatleri aras\u0131nda <a class=\"icerikMetinRenkliKalin\"><\/a>YEN\u0130 BATI, FAT\u0130H SULTAN MEHMET , VEYSEL KARAN\u0130 Soka\u011f\u0131<\/li>\n<\/ul>\n<p><strong>S\u0130NCAN<\/strong><\/p>\n<ul>\n<li>09:00 &#8211; 12:00 Saatleri aras\u0131nda TANDO\u011eAN, YAPICILAR , TANDO\u011eAN , BUHARA , YAD\u0130GAR , \u00dcST. , 161 , YEN\u0130 D\u00dcNYA , V\u0130TR\u0130N , ATA , AYAZ , S\u0130YAH LALE , AH\u0130 MESUD , MALAZG\u0130RT Soka\u011f\u0131<\/li>\n<\/ul>\n<p><strong>KE\u00c7\u0130\u00d6REN<\/strong><\/p>\n<ul>\n<li>09:00 &#8211; 17:00 Saatleri aras\u0131nda AKTEPE, 957 , 998 , 956 , 429 , 960 , 965 , 962 , 996 , 991 , 993 , 997 , 995 , BA\u011eLARBA\u015eI , 459 , 474\/3 , 450 , 464 , 452 , 453 , 449 , 456 , 458 , 446 , BURSA , 462 , 463 , 460 , 457 , 448 , 451 , CO\u015eKUN , 461 , KANUN\u0130, OSMANGAZ\u0130 Soka\u011f\u0131<\/li>\n<\/ul>\n<p><strong>\u00c7ANKAYA<\/strong><\/p>\n<ul>\n<li>09:00 &#8211; 17:00 Saatleri aras\u0131nda <a class=\"icerikMetinRenkliKalin\"><\/a>YE\u015e\u0130LKENT, 555 Soka\u011f\u0131<\/li>\n<\/ul>\n<p><strong>AKYURT<\/strong><\/p>\n<ul>\n<li>09:00 &#8211; 17:00 Saatleri aras\u0131nda Ahmet Adil Soka\u011f\u0131<\/li>\n<\/ul>\n<p>Planlanan \u00e7al\u0131\u015fmalar erken veya ge\u00e7 bitebilir, ma\u011fdur olmaman\u0131z i\u00e7in haz\u0131rl\u0131kl\u0131 olmal\u0131s\u0131n\u0131z.<\/p>\n","protected":false},"excerpt":{"rendered":"<p>Ankara&#8217;da Ba\u015fkent Eda\u015f taraf\u0131ndan y\u00fcr\u00fct\u00fclen elektrik bak\u0131m onar\u0131m \u00e7al\u0131\u015fmalar\u0131 kurban bayram\u0131 tatilinin ard\u0131ndan devam ediyor. Ankara&#8217;n\u0131n hangi il\u00e7elerinde elektrik kesintisi var? Elektrikler ne zaman gelecek? &nbsp; Ankara elektrik da\u011f\u0131t\u0131m\u0131ndan sorumlu \u015firket EnerjiSA n\u0131n a\u00e7\u0131klamalar\u0131na g\u00f6re bug\u00fcn Ankara&#8217;n\u0131n 5 il\u00e7esinde planl\u0131 elektrik kesintisi ya\u015fanacak. Farkl\u0131 saatlerde olan bu kesintiler Yenimahalle, \u00c7ankaya, [&hellip;]<\/p>\n","protected":false},"author":3,"featured_media":4984,"comment_status":"open","ping_status":"closed","sticky":false,"template":"","format":"standard","meta":{"footnotes":""},"categories":[93],"tags":[408,49,406,260,37,409,407,261],"class_list":["post-4982","post","type-post","status-publish","format-standard","has-post-thumbnail","hentry","category-haber","tag-akyurt","tag-ankara","tag-ankara-elektrik-kesintisi","tag-cankaya","tag-elektrik-kesintisi","tag-kecioren","tag-sincan","tag-yenimahalle"],"yoast_head":"<!-- This site is optimized with the Yoast SEO plugin v27.5 - https:\/\/yoast.com\/product\/yoast-seo-wordpress\/ -->\n<title>Ankara&#039;da 27 Temmuz&#039;da Elektrik Kesintisi Var! - G\u00fcncel Kesintiler<\/title>\n<meta name=\"robots\" content=\"index, follow, max-snippet:-1, max-image-preview:large, max-video-preview:-1\" \/>\n<link rel=\"canonical\" href=\"https:\/\/guncelkesintiler.com\/bilgi\/ankarada-27-temmuzda-elektrik-kesintisi-var\/\" \/>\n<meta property=\"og:locale\" content=\"tr_TR\" \/>\n<meta property=\"og:type\" content=\"article\" \/>\n<meta property=\"og:title\" content=\"Ankara&#039;da 27 Temmuz&#039;da Elektrik Kesintisi Var! - G\u00fcncel Kesintiler\" \/>\n<meta property=\"og:description\" content=\"Ankara&#8217;da Ba\u015fkent Eda\u015f taraf\u0131ndan y\u00fcr\u00fct\u00fclen elektrik bak\u0131m onar\u0131m \u00e7al\u0131\u015fmalar\u0131 kurban bayram\u0131 tatilinin ard\u0131ndan devam ediyor. Ankara&#8217;n\u0131n hangi il\u00e7elerinde elektrik kesintisi var? Elektrikler ne zaman gelecek? &nbsp; Ankara elektrik da\u011f\u0131t\u0131m\u0131ndan sorumlu \u015firket EnerjiSA n\u0131n a\u00e7\u0131klamalar\u0131na g\u00f6re bug\u00fcn Ankara&#8217;n\u0131n 5 il\u00e7esinde planl\u0131 elektrik kesintisi ya\u015fanacak. Farkl\u0131 saatlerde olan bu kesintiler Yenimahalle, \u00c7ankaya, [&hellip;]\" \/>\n<meta property=\"og:url\" content=\"https:\/\/guncelkesintiler.com\/bilgi\/ankarada-27-temmuzda-elektrik-kesintisi-var\/\" \/>\n<meta property=\"og:site_name\" content=\"G\u00fcncel Kesintiler\" \/>\n<meta property=\"article:published_time\" content=\"2021-07-26T21:56:11+00:00\" \/>\n<meta property=\"og:image\" content=\"https:\/\/guncelkesintiler.com\/bilgi\/wp-content\/uploads\/2021\/07\/ankara-elektrik-kesintisi-27-temmuz.png\" \/>\n\t<meta property=\"og:image:width\" content=\"957\" \/>\n\t<meta property=\"og:image:height\" content=\"496\" \/>\n\t<meta property=\"og:image:type\" content=\"image\/png\" \/>\n<meta name=\"author\" content=\"Merve \u00c7elik\" \/>\n<meta name=\"twitter:card\" content=\"summary_large_image\" \/>\n<meta name=\"twitter:creator\" content=\"@GuncelKesinti\" \/>\n<meta name=\"twitter:site\" content=\"@GuncelKesinti\" \/>\n<meta name=\"twitter:label1\" content=\"Yazan:\" \/>\n\t<meta name=\"twitter:data1\" content=\"Merve \u00c7elik\" \/>\n\t<meta name=\"twitter:label2\" content=\"Tahmini okuma s\u00fcresi\" \/>\n\t<meta name=\"twitter:data2\" content=\"2 dakika\" \/>\n<!-- \/ Yoast SEO plugin. -->","yoast_head_json":{"title":"Ankara'da 27 Temmuz'da Elektrik Kesintisi Var! - G\u00fcncel Kesintiler","robots":{"index":"index","follow":"follow","max-snippet":"max-snippet:-1","max-image-preview":"max-image-preview:large","max-video-preview":"max-video-preview:-1"},"canonical":"https:\/\/guncelkesintiler.com\/bilgi\/ankarada-27-temmuzda-elektrik-kesintisi-var\/","og_locale":"tr_TR","og_type":"article","og_title":"Ankara'da 27 Temmuz'da Elektrik Kesintisi Var! - G\u00fcncel Kesintiler","og_description":"Ankara&#8217;da Ba\u015fkent Eda\u015f taraf\u0131ndan y\u00fcr\u00fct\u00fclen elektrik bak\u0131m onar\u0131m \u00e7al\u0131\u015fmalar\u0131 kurban bayram\u0131 tatilinin ard\u0131ndan devam ediyor. Ankara&#8217;n\u0131n hangi il\u00e7elerinde elektrik kesintisi var? Elektrikler ne zaman gelecek? &nbsp; Ankara elektrik da\u011f\u0131t\u0131m\u0131ndan sorumlu \u015firket EnerjiSA n\u0131n a\u00e7\u0131klamalar\u0131na g\u00f6re bug\u00fcn Ankara&#8217;n\u0131n 5 il\u00e7esinde planl\u0131 elektrik kesintisi ya\u015fanacak. Farkl\u0131 saatlerde olan bu kesintiler Yenimahalle, \u00c7ankaya, [&hellip;]","og_url":"https:\/\/guncelkesintiler.com\/bilgi\/ankarada-27-temmuzda-elektrik-kesintisi-var\/","og_site_name":"G\u00fcncel Kesintiler","article_published_time":"2021-07-26T21:56:11+00:00","og_image":[{"width":957,"height":496,"url":"https:\/\/guncelkesintiler.com\/bilgi\/wp-content\/uploads\/2021\/07\/ankara-elektrik-kesintisi-27-temmuz.png","type":"image\/png"}],"author":"Merve \u00c7elik","twitter_card":"summary_large_image","twitter_creator":"@GuncelKesinti","twitter_site":"@GuncelKesinti","twitter_misc":{"Yazan:":"Merve \u00c7elik","Tahmini okuma s\u00fcresi":"2 dakika"},"schema":{"@context":"https:\/\/schema.org","@graph":[{"@type":"Article","@id":"https:\/\/guncelkesintiler.com\/bilgi\/ankarada-27-temmuzda-elektrik-kesintisi-var\/#article","isPartOf":{"@id":"https:\/\/guncelkesintiler.com\/bilgi\/ankarada-27-temmuzda-elektrik-kesintisi-var\/"},"author":{"name":"Merve \u00c7elik","@id":"https:\/\/guncelkesintiler.com\/bilgi\/#\/schema\/person\/849c8d74704e832611ba3ece660e252a"},"headline":"Ankara&#8217;da 27 Temmuz&#8217;da Elektrik Kesintisi Var!","datePublished":"2021-07-26T21:56:11+00:00","mainEntityOfPage":{"@id":"https:\/\/guncelkesintiler.com\/bilgi\/ankarada-27-temmuzda-elektrik-kesintisi-var\/"},"wordCount":230,"commentCount":0,"publisher":{"@id":"https:\/\/guncelkesintiler.com\/bilgi\/#organization"},"image":{"@id":"https:\/\/guncelkesintiler.com\/bilgi\/ankarada-27-temmuzda-elektrik-kesintisi-var\/#primaryimage"},"thumbnailUrl":"https:\/\/guncelkesintiler.com\/bilgi\/wp-content\/uploads\/2021\/07\/ankara-elektrik-kesintisi-27-temmuz.png","keywords":["Akyurt","Ankara","Ankara Elektrik Kesintisi","\u00e7ankaya","Elektrik Kesintisi","Ke\u00e7i\u00f6ren","Sincan","yenimahalle"],"articleSection":["Haber"],"inLanguage":"tr","potentialAction":[{"@type":"CommentAction","name":"Comment","target":["https:\/\/guncelkesintiler.com\/bilgi\/ankarada-27-temmuzda-elektrik-kesintisi-var\/#respond"]}]},{"@type":"WebPage","@id":"https:\/\/guncelkesintiler.com\/bilgi\/ankarada-27-temmuzda-elektrik-kesintisi-var\/","url":"https:\/\/guncelkesintiler.com\/bilgi\/ankarada-27-temmuzda-elektrik-kesintisi-var\/","name":"Ankara'da 27 Temmuz'da Elektrik Kesintisi Var! - G\u00fcncel Kesintiler","isPartOf":{"@id":"https:\/\/guncelkesintiler.com\/bilgi\/#website"},"primaryImageOfPage":{"@id":"https:\/\/guncelkesintiler.com\/bilgi\/ankarada-27-temmuzda-elektrik-kesintisi-var\/#primaryimage"},"image":{"@id":"https:\/\/guncelkesintiler.com\/bilgi\/ankarada-27-temmuzda-elektrik-kesintisi-var\/#primaryimage"},"thumbnailUrl":"https:\/\/guncelkesintiler.com\/bilgi\/wp-content\/uploads\/2021\/07\/ankara-elektrik-kesintisi-27-temmuz.png","datePublished":"2021-07-26T21:56:11+00:00","breadcrumb":{"@id":"https:\/\/guncelkesintiler.com\/bilgi\/ankarada-27-temmuzda-elektrik-kesintisi-var\/#breadcrumb"},"inLanguage":"tr","potentialAction":[{"@type":"ReadAction","target":["https:\/\/guncelkesintiler.com\/bilgi\/ankarada-27-temmuzda-elektrik-kesintisi-var\/"]}]},{"@type":"ImageObject","inLanguage":"tr","@id":"https:\/\/guncelkesintiler.com\/bilgi\/ankarada-27-temmuzda-elektrik-kesintisi-var\/#primaryimage","url":"https:\/\/guncelkesintiler.com\/bilgi\/wp-content\/uploads\/2021\/07\/ankara-elektrik-kesintisi-27-temmuz.png","contentUrl":"https:\/\/guncelkesintiler.com\/bilgi\/wp-content\/uploads\/2021\/07\/ankara-elektrik-kesintisi-27-temmuz.png","width":957,"height":496},{"@type":"BreadcrumbList","@id":"https:\/\/guncelkesintiler.com\/bilgi\/ankarada-27-temmuzda-elektrik-kesintisi-var\/#breadcrumb","itemListElement":[{"@type":"ListItem","position":1,"name":"Ana sayfa","item":"https:\/\/guncelkesintiler.com\/bilgi\/"},{"@type":"ListItem","position":2,"name":"Ankara&#8217;da 27 Temmuz&#8217;da Elektrik Kesintisi Var!"}]},{"@type":"WebSite","@id":"https:\/\/guncelkesintiler.com\/bilgi\/#website","url":"https:\/\/guncelkesintiler.com\/bilgi\/","name":"G\u00fcncel Kesintiler","description":"Elektrik ve Su Kesintisi Haberleri","publisher":{"@id":"https:\/\/guncelkesintiler.com\/bilgi\/#organization"},"potentialAction":[{"@type":"SearchAction","target":{"@type":"EntryPoint","urlTemplate":"https:\/\/guncelkesintiler.com\/bilgi\/?s={search_term_string}"},"query-input":{"@type":"PropertyValueSpecification","valueRequired":true,"valueName":"search_term_string"}}],"inLanguage":"tr"},{"@type":"Organization","@id":"https:\/\/guncelkesintiler.com\/bilgi\/#organization","name":"G\u00fcncel Kesintiler","url":"https:\/\/guncelkesintiler.com\/bilgi\/","logo":{"@type":"ImageObject","inLanguage":"tr","@id":"https:\/\/guncelkesintiler.com\/bilgi\/#\/schema\/logo\/image\/","url":"https:\/\/guncelkesintiler.com\/bilgi\/wp-content\/uploads\/2019\/11\/logo.png","contentUrl":"https:\/\/guncelkesintiler.com\/bilgi\/wp-content\/uploads\/2019\/11\/logo.png","width":156,"height":64,"caption":"G\u00fcncel Kesintiler"},"image":{"@id":"https:\/\/guncelkesintiler.com\/bilgi\/#\/schema\/logo\/image\/"},"sameAs":["https:\/\/x.com\/GuncelKesinti"]},{"@type":"Person","@id":"https:\/\/guncelkesintiler.com\/bilgi\/#\/schema\/person\/849c8d74704e832611ba3ece660e252a","name":"Merve \u00c7elik","image":{"@type":"ImageObject","inLanguage":"tr","@id":"https:\/\/secure.gravatar.com\/avatar\/9ff1cf58f03e470bdd192b3ce2687f51fdfb576738c4da222a82ce29a738825c?s=96&d=identicon&r=g","url":"https:\/\/secure.gravatar.com\/avatar\/9ff1cf58f03e470bdd192b3ce2687f51fdfb576738c4da222a82ce29a738825c?s=96&d=identicon&r=g","contentUrl":"https:\/\/secure.gravatar.com\/avatar\/9ff1cf58f03e470bdd192b3ce2687f51fdfb576738c4da222a82ce29a738825c?s=96&d=identicon&r=g","caption":"Merve \u00c7elik"},"description":"\u0130\u015fletme mezunu. Evli, 2 \u00e7ocuk annesi. Evinde \u00e7ocuklar\u0131na bakarken G\u00fcncel Kesintiler sitesi i\u00e7in haber ve bilgilendirme i\u00e7erikleri \u00fcretiyor.","sameAs":["https:\/\/guncelkesintiler.com"],"url":"https:\/\/guncelkesintiler.com\/bilgi\/author\/merve\/"}]}},"_links":{"self":[{"href":"https:\/\/guncelkesintiler.com\/bilgi\/wp-json\/wp\/v2\/posts\/4982","targetHints":{"allow":["GET"]}}],"collection":[{"href":"https:\/\/guncelkesintiler.com\/bilgi\/wp-json\/wp\/v2\/posts"}],"about":[{"href":"https:\/\/guncelkesintiler.com\/bilgi\/wp-json\/wp\/v2\/types\/post"}],"author":[{"embeddable":true,"href":"https:\/\/guncelkesintiler.com\/bilgi\/wp-json\/wp\/v2\/users\/3"}],"replies":[{"embeddable":true,"href":"https:\/\/guncelkesintiler.com\/bilgi\/wp-json\/wp\/v2\/comments?post=4982"}],"version-history":[{"count":1,"href":"https:\/\/guncelkesintiler.com\/bilgi\/wp-json\/wp\/v2\/posts\/4982\/revisions"}],"predecessor-version":[{"id":4985,"href":"https:\/\/guncelkesintiler.com\/bilgi\/wp-json\/wp\/v2\/posts\/4982\/revisions\/4985"}],"wp:featuredmedia":[{"embeddable":true,"href":"https:\/\/guncelkesintiler.com\/bilgi\/wp-json\/wp\/v2\/media\/4984"}],"wp:attachment":[{"href":"https:\/\/guncelkesintiler.com\/bilgi\/wp-json\/wp\/v2\/media?parent=4982"}],"wp:term":[{"taxonomy":"category","embeddable":true,"href":"https:\/\/guncelkesintiler.com\/bilgi\/wp-json\/wp\/v2\/categories?post=4982"},{"taxonomy":"post_tag","embeddable":true,"href":"https:\/\/guncelkesintiler.com\/bilgi\/wp-json\/wp\/v2\/tags?post=4982"}],"curies":[{"name":"wp","href":"https:\/\/api.w.org\/{rel}","templated":true}]}}