{"id":4632,"date":"2020-02-22T00:56:43","date_gmt":"2020-02-21T21:56:43","guid":{"rendered":"https:\/\/guncelkesintiler.com\/bilgi\/?p=4632"},"modified":"2020-02-22T18:14:08","modified_gmt":"2020-02-22T15:14:08","slug":"izmir-elektrik-kapatma","status":"publish","type":"post","link":"https:\/\/guncelkesintiler.com\/bilgi\/izmir-elektrik-kapatma\/","title":{"rendered":"\u0130zmir Elektrik Kapatma"},"content":{"rendered":"<p>Baz\u0131 i\u015fleri yapan bizler genel itibariyle yapm\u0131\u015f ve yapaca\u011f\u0131m\u0131z i\u015flerde birtak\u0131m kolayl\u0131klar arar\u0131z. Bazen basit bir i\u015f yap\u0131l\u0131\u015f yolunu bilmedi\u011fimizden yani tecr\u00fcbesiz oldu\u011fumuzdan bizlere s\u0131k\u0131c\u0131 gelebilir. Bu durumda yap\u0131lacak i\u015f, bir uzmana dan\u0131\u015fmakt\u0131r. E\u011fer Ege&#8217;nin incisi g\u00fczel \u0130zmir&#8217;de ya\u015f\u0131yor ve baz\u0131 sebeplerden aboneli\u011finizi sonland\u0131rmak istiyorsan\u0131z bu a\u015famada sizlere yard\u0131mc\u0131 olaca\u011f\u0131z.<\/p>\n<h3>Gediz Elektrik Aboneli\u011fi Nas\u0131l Sonland\u0131r\u0131labilir?<\/h3>\n<p>\u0130zmir&#8217;de abonelere elektrik hizmeti sa\u011flayan \u015firket olan Gediz Elektrikte aboneli\u011finizi sonland\u0131rman\u0131n di\u011fer firmalarda oldu\u011fu bir\u00e7ok farkl\u0131 yolu vard\u0131r. Bu yollardan bir tanesi internetten yani e devlet \u00fczerinden elektrik aboneli\u011fi sonland\u0131rmak iken di\u011feri ise m\u00fc\u015fteri merkezlerinden bu i\u015flemi yapmakt\u0131r. Peki bu i\u015flem i\u00e7in gerekli belgeler nelerdir?<\/p>\n<h3>Gediz Elektrik Aboneli\u011fi \u0130ptali \u0130\u00e7in Gerekli Belgeler<\/h3>\n<p>Ev\u00a0aboneli\u011fi sonland\u0131rma\u00a0i\u00e7in gerekli evraklar.<\/p>\n<ul>\n<li class=\"TrT0Xe\">Son d\u00f6nem\u00a0elektrik\u00a0faturas\u0131<\/li>\n<li class=\"TrT0Xe\">IBAN ya da hesap.<\/li>\n<li class=\"TrT0Xe\">N\u00fcfus c\u00fczdan\u0131 ve fotokopisi.<\/li>\n<\/ul>\n<p>Ticarethane\u00a0abonelik\u00a0iptal i\u00e7in gerekli evraklar.<\/p>\n<ul>\n<li class=\"TrT0Xe\">\u0130\u015f yerinizin son d\u00f6nem faturas\u0131<\/li>\n<li class=\"TrT0Xe\">IBAN ya da hesap numaras\u0131<\/li>\n<li class=\"TrT0Xe\">Yetki belgesi ya da vekaletname ve imza sirk\u00fcleri.<\/li>\n<\/ul>\n<p>Abonelik sonland\u0131rma i\u00e7in gerekli evraklar ile birlikte m\u00fc\u015fteri merkezine ba\u015fvurduktan sonra elektri\u011finizin kesilmesi i\u00e7in\u00a0en \u00e7ok 14 g\u00fcn\u00a0s\u00fcre verilebilir. E\u011fer elektri\u011finizin 14 g\u00fcnden fazla a\u00e7\u0131k olmas\u0131n\u0131 istiyorsan\u0131z ona g\u00f6re elektrik abonelik iptal ba\u015fvurusunu ger\u00e7ekle\u015ftirmeniz gerekmektedir. Elektrik abonelik iptal i\u015flemlerini de, yine elektrik abonelik ba\u015fvurusu gibi,\u00a0faturada ad\u0131 bulunan ki\u015fi\u00a0yapmal\u0131d\u0131r. Ba\u015fka bir ki\u015fi yapacaksa\u00a0noter onayl\u0131 vekaletname\u00a0ile iptal ba\u015fvurusu yap\u0131lmal\u0131d\u0131r.<\/p>\n<h3>G\u00fcvence Bedelini Nas\u0131l Alabilirim?<\/h3>\n<p>Abonelik iptal i\u015flemi sonras\u0131nda abonelik ba\u015flang\u0131c\u0131nda Gediz elektri\u011fe yat\u0131rd\u0131\u011f\u0131n\u0131z g\u00fcvence bedeli taraf\u0131n\u0131za yat\u0131r\u0131lacakt\u0131r. Bunun olmas\u0131 i\u00e7in banka IBAN bilgilerinizi \u015firkete belirtmeniz gerekmektedir. G\u00fcvence bedelinin iadesi iptal i\u015fleminden 7 g\u00fcn sonra ger\u00e7ekle\u015fir.<\/p>\n<p>&nbsp;<\/p>\n<p>&nbsp;<\/p>\n","protected":false},"excerpt":{"rendered":"<p>Baz\u0131 i\u015fleri yapan bizler genel itibariyle yapm\u0131\u015f ve yapaca\u011f\u0131m\u0131z i\u015flerde birtak\u0131m kolayl\u0131klar arar\u0131z. Bazen basit bir i\u015f yap\u0131l\u0131\u015f yolunu bilmedi\u011fimizden yani tecr\u00fcbesiz oldu\u011fumuzdan bizlere s\u0131k\u0131c\u0131 gelebilir. Bu durumda yap\u0131lacak i\u015f, bir uzmana dan\u0131\u015fmakt\u0131r. E\u011fer Ege&#8217;nin incisi g\u00fczel \u0130zmir&#8217;de ya\u015f\u0131yor ve baz\u0131 sebeplerden aboneli\u011finizi sonland\u0131rmak istiyorsan\u0131z bu a\u015famada sizlere yard\u0131mc\u0131 olaca\u011f\u0131z. [&hellip;]<\/p>\n","protected":false},"author":4,"featured_media":4433,"comment_status":"open","ping_status":"closed","sticky":false,"template":"","format":"standard","meta":{"footnotes":""},"categories":[71,34],"tags":[265,78,266,264,263],"class_list":["post-4632","post","type-post","status-publish","format-standard","has-post-thumbnail","hentry","category-abonelik","category-elektrik","tag-265","tag-abonelik","tag-borc-sorgulama","tag-gdz","tag-gediz-elektrik"],"yoast_head":"<!-- This site is optimized with the Yoast SEO plugin v27.5 - https:\/\/yoast.com\/product\/yoast-seo-wordpress\/ -->\n<title>\u0130zmir Elektrik Kapatma - G\u00fcncel Kesintiler<\/title>\n<meta name=\"robots\" content=\"index, follow, max-snippet:-1, max-image-preview:large, max-video-preview:-1\" \/>\n<link rel=\"canonical\" href=\"https:\/\/guncelkesintiler.com\/bilgi\/izmir-elektrik-kapatma\/\" \/>\n<meta property=\"og:locale\" content=\"tr_TR\" \/>\n<meta property=\"og:type\" content=\"article\" \/>\n<meta property=\"og:title\" content=\"\u0130zmir Elektrik Kapatma - G\u00fcncel Kesintiler\" \/>\n<meta property=\"og:description\" content=\"Baz\u0131 i\u015fleri yapan bizler genel itibariyle yapm\u0131\u015f ve yapaca\u011f\u0131m\u0131z i\u015flerde birtak\u0131m kolayl\u0131klar arar\u0131z. Bazen basit bir i\u015f yap\u0131l\u0131\u015f yolunu bilmedi\u011fimizden yani tecr\u00fcbesiz oldu\u011fumuzdan bizlere s\u0131k\u0131c\u0131 gelebilir. Bu durumda yap\u0131lacak i\u015f, bir uzmana dan\u0131\u015fmakt\u0131r. E\u011fer Ege&#8217;nin incisi g\u00fczel \u0130zmir&#8217;de ya\u015f\u0131yor ve baz\u0131 sebeplerden aboneli\u011finizi sonland\u0131rmak istiyorsan\u0131z bu a\u015famada sizlere yard\u0131mc\u0131 olaca\u011f\u0131z. [&hellip;]\" \/>\n<meta property=\"og:url\" content=\"https:\/\/guncelkesintiler.com\/bilgi\/izmir-elektrik-kapatma\/\" \/>\n<meta property=\"og:site_name\" content=\"G\u00fcncel Kesintiler\" \/>\n<meta property=\"article:published_time\" content=\"2020-02-21T21:56:43+00:00\" \/>\n<meta property=\"article:modified_time\" content=\"2020-02-22T15:14:08+00:00\" \/>\n<meta property=\"og:image\" content=\"https:\/\/guncelkesintiler.com\/bilgi\/wp-content\/uploads\/2020\/01\/2541184_810x458.jpg\" \/>\n\t<meta property=\"og:image:width\" content=\"810\" \/>\n\t<meta property=\"og:image:height\" content=\"458\" \/>\n\t<meta property=\"og:image:type\" content=\"image\/jpeg\" \/>\n<meta name=\"author\" content=\"Ahmet \u00c7\u0131nar\" \/>\n<meta name=\"twitter:card\" content=\"summary_large_image\" \/>\n<meta name=\"twitter:creator\" content=\"@GuncelKesinti\" \/>\n<meta name=\"twitter:site\" content=\"@GuncelKesinti\" \/>\n<meta name=\"twitter:label1\" content=\"Yazan:\" \/>\n\t<meta name=\"twitter:data1\" content=\"Ahmet \u00c7\u0131nar\" \/>\n\t<meta name=\"twitter:label2\" content=\"Tahmini okuma s\u00fcresi\" \/>\n\t<meta name=\"twitter:data2\" content=\"2 dakika\" \/>\n<!-- \/ Yoast SEO plugin. -->","yoast_head_json":{"title":"\u0130zmir Elektrik Kapatma - G\u00fcncel Kesintiler","robots":{"index":"index","follow":"follow","max-snippet":"max-snippet:-1","max-image-preview":"max-image-preview:large","max-video-preview":"max-video-preview:-1"},"canonical":"https:\/\/guncelkesintiler.com\/bilgi\/izmir-elektrik-kapatma\/","og_locale":"tr_TR","og_type":"article","og_title":"\u0130zmir Elektrik Kapatma - G\u00fcncel Kesintiler","og_description":"Baz\u0131 i\u015fleri yapan bizler genel itibariyle yapm\u0131\u015f ve yapaca\u011f\u0131m\u0131z i\u015flerde birtak\u0131m kolayl\u0131klar arar\u0131z. Bazen basit bir i\u015f yap\u0131l\u0131\u015f yolunu bilmedi\u011fimizden yani tecr\u00fcbesiz oldu\u011fumuzdan bizlere s\u0131k\u0131c\u0131 gelebilir. Bu durumda yap\u0131lacak i\u015f, bir uzmana dan\u0131\u015fmakt\u0131r. E\u011fer Ege&#8217;nin incisi g\u00fczel \u0130zmir&#8217;de ya\u015f\u0131yor ve baz\u0131 sebeplerden aboneli\u011finizi sonland\u0131rmak istiyorsan\u0131z bu a\u015famada sizlere yard\u0131mc\u0131 olaca\u011f\u0131z. [&hellip;]","og_url":"https:\/\/guncelkesintiler.com\/bilgi\/izmir-elektrik-kapatma\/","og_site_name":"G\u00fcncel Kesintiler","article_published_time":"2020-02-21T21:56:43+00:00","article_modified_time":"2020-02-22T15:14:08+00:00","og_image":[{"width":810,"height":458,"url":"https:\/\/guncelkesintiler.com\/bilgi\/wp-content\/uploads\/2020\/01\/2541184_810x458.jpg","type":"image\/jpeg"}],"author":"Ahmet \u00c7\u0131nar","twitter_card":"summary_large_image","twitter_creator":"@GuncelKesinti","twitter_site":"@GuncelKesinti","twitter_misc":{"Yazan:":"Ahmet \u00c7\u0131nar","Tahmini okuma s\u00fcresi":"2 dakika"},"schema":{"@context":"https:\/\/schema.org","@graph":[{"@type":"Article","@id":"https:\/\/guncelkesintiler.com\/bilgi\/izmir-elektrik-kapatma\/#article","isPartOf":{"@id":"https:\/\/guncelkesintiler.com\/bilgi\/izmir-elektrik-kapatma\/"},"author":{"name":"Ahmet \u00c7\u0131nar","@id":"https:\/\/guncelkesintiler.com\/bilgi\/#\/schema\/person\/268b919aa6ec5b17e1ceb81b33278b29"},"headline":"\u0130zmir Elektrik Kapatma","datePublished":"2020-02-21T21:56:43+00:00","dateModified":"2020-02-22T15:14:08+00:00","mainEntityOfPage":{"@id":"https:\/\/guncelkesintiler.com\/bilgi\/izmir-elektrik-kapatma\/"},"wordCount":354,"commentCount":0,"publisher":{"@id":"https:\/\/guncelkesintiler.com\/bilgi\/#organization"},"image":{"@id":"https:\/\/guncelkesintiler.com\/bilgi\/izmir-elektrik-kapatma\/#primaryimage"},"thumbnailUrl":"https:\/\/guncelkesintiler.com\/bilgi\/wp-content\/uploads\/2020\/01\/2541184_810x458.jpg","keywords":["186","abonelik","bor\u00e7 sorgulama","GDZ","Gediz Elektrik"],"articleSection":["Abonelik","Elektrik"],"inLanguage":"tr","potentialAction":[{"@type":"CommentAction","name":"Comment","target":["https:\/\/guncelkesintiler.com\/bilgi\/izmir-elektrik-kapatma\/#respond"]}]},{"@type":"WebPage","@id":"https:\/\/guncelkesintiler.com\/bilgi\/izmir-elektrik-kapatma\/","url":"https:\/\/guncelkesintiler.com\/bilgi\/izmir-elektrik-kapatma\/","name":"\u0130zmir Elektrik Kapatma - G\u00fcncel Kesintiler","isPartOf":{"@id":"https:\/\/guncelkesintiler.com\/bilgi\/#website"},"primaryImageOfPage":{"@id":"https:\/\/guncelkesintiler.com\/bilgi\/izmir-elektrik-kapatma\/#primaryimage"},"image":{"@id":"https:\/\/guncelkesintiler.com\/bilgi\/izmir-elektrik-kapatma\/#primaryimage"},"thumbnailUrl":"https:\/\/guncelkesintiler.com\/bilgi\/wp-content\/uploads\/2020\/01\/2541184_810x458.jpg","datePublished":"2020-02-21T21:56:43+00:00","dateModified":"2020-02-22T15:14:08+00:00","breadcrumb":{"@id":"https:\/\/guncelkesintiler.com\/bilgi\/izmir-elektrik-kapatma\/#breadcrumb"},"inLanguage":"tr","potentialAction":[{"@type":"ReadAction","target":["https:\/\/guncelkesintiler.com\/bilgi\/izmir-elektrik-kapatma\/"]}]},{"@type":"ImageObject","inLanguage":"tr","@id":"https:\/\/guncelkesintiler.com\/bilgi\/izmir-elektrik-kapatma\/#primaryimage","url":"https:\/\/guncelkesintiler.com\/bilgi\/wp-content\/uploads\/2020\/01\/2541184_810x458.jpg","contentUrl":"https:\/\/guncelkesintiler.com\/bilgi\/wp-content\/uploads\/2020\/01\/2541184_810x458.jpg","width":810,"height":458},{"@type":"BreadcrumbList","@id":"https:\/\/guncelkesintiler.com\/bilgi\/izmir-elektrik-kapatma\/#breadcrumb","itemListElement":[{"@type":"ListItem","position":1,"name":"Ana sayfa","item":"https:\/\/guncelkesintiler.com\/bilgi\/"},{"@type":"ListItem","position":2,"name":"\u0130zmir Elektrik Kapatma"}]},{"@type":"WebSite","@id":"https:\/\/guncelkesintiler.com\/bilgi\/#website","url":"https:\/\/guncelkesintiler.com\/bilgi\/","name":"G\u00fcncel Kesintiler","description":"Elektrik ve Su Kesintisi Haberleri","publisher":{"@id":"https:\/\/guncelkesintiler.com\/bilgi\/#organization"},"potentialAction":[{"@type":"SearchAction","target":{"@type":"EntryPoint","urlTemplate":"https:\/\/guncelkesintiler.com\/bilgi\/?s={search_term_string}"},"query-input":{"@type":"PropertyValueSpecification","valueRequired":true,"valueName":"search_term_string"}}],"inLanguage":"tr"},{"@type":"Organization","@id":"https:\/\/guncelkesintiler.com\/bilgi\/#organization","name":"G\u00fcncel Kesintiler","url":"https:\/\/guncelkesintiler.com\/bilgi\/","logo":{"@type":"ImageObject","inLanguage":"tr","@id":"https:\/\/guncelkesintiler.com\/bilgi\/#\/schema\/logo\/image\/","url":"https:\/\/guncelkesintiler.com\/bilgi\/wp-content\/uploads\/2019\/11\/logo.png","contentUrl":"https:\/\/guncelkesintiler.com\/bilgi\/wp-content\/uploads\/2019\/11\/logo.png","width":156,"height":64,"caption":"G\u00fcncel Kesintiler"},"image":{"@id":"https:\/\/guncelkesintiler.com\/bilgi\/#\/schema\/logo\/image\/"},"sameAs":["https:\/\/x.com\/GuncelKesinti"]},{"@type":"Person","@id":"https:\/\/guncelkesintiler.com\/bilgi\/#\/schema\/person\/268b919aa6ec5b17e1ceb81b33278b29","name":"Ahmet \u00c7\u0131nar","image":{"@type":"ImageObject","inLanguage":"tr","@id":"https:\/\/secure.gravatar.com\/avatar\/c119eadbb9f21fe9bd1f5f08ada8e9735e94bfe67917f236d253850389611e21?s=96&d=identicon&r=g","url":"https:\/\/secure.gravatar.com\/avatar\/c119eadbb9f21fe9bd1f5f08ada8e9735e94bfe67917f236d253850389611e21?s=96&d=identicon&r=g","contentUrl":"https:\/\/secure.gravatar.com\/avatar\/c119eadbb9f21fe9bd1f5f08ada8e9735e94bfe67917f236d253850389611e21?s=96&d=identicon&r=g","caption":"Ahmet \u00c7\u0131nar"},"description":"Siteler i\u00e7in kaliteli haber ve bilgi i\u00e7eri\u011fi \u00fcretir. Bursa'da ya\u015f\u0131yor, hareketli ya\u015famay\u0131 seviyor. Yaz\u0131 yazmay\u0131, payla\u015fmay\u0131 seviyor.","sameAs":["https:\/\/guncelkesintiler.com"],"url":"https:\/\/guncelkesintiler.com\/bilgi\/author\/ahmet\/"}]}},"_links":{"self":[{"href":"https:\/\/guncelkesintiler.com\/bilgi\/wp-json\/wp\/v2\/posts\/4632","targetHints":{"allow":["GET"]}}],"collection":[{"href":"https:\/\/guncelkesintiler.com\/bilgi\/wp-json\/wp\/v2\/posts"}],"about":[{"href":"https:\/\/guncelkesintiler.com\/bilgi\/wp-json\/wp\/v2\/types\/post"}],"author":[{"embeddable":true,"href":"https:\/\/guncelkesintiler.com\/bilgi\/wp-json\/wp\/v2\/users\/4"}],"replies":[{"embeddable":true,"href":"https:\/\/guncelkesintiler.com\/bilgi\/wp-json\/wp\/v2\/comments?post=4632"}],"version-history":[{"count":1,"href":"https:\/\/guncelkesintiler.com\/bilgi\/wp-json\/wp\/v2\/posts\/4632\/revisions"}],"predecessor-version":[{"id":4633,"href":"https:\/\/guncelkesintiler.com\/bilgi\/wp-json\/wp\/v2\/posts\/4632\/revisions\/4633"}],"wp:featuredmedia":[{"embeddable":true,"href":"https:\/\/guncelkesintiler.com\/bilgi\/wp-json\/wp\/v2\/media\/4433"}],"wp:attachment":[{"href":"https:\/\/guncelkesintiler.com\/bilgi\/wp-json\/wp\/v2\/media?parent=4632"}],"wp:term":[{"taxonomy":"category","embeddable":true,"href":"https:\/\/guncelkesintiler.com\/bilgi\/wp-json\/wp\/v2\/categories?post=4632"},{"taxonomy":"post_tag","embeddable":true,"href":"https:\/\/guncelkesintiler.com\/bilgi\/wp-json\/wp\/v2\/tags?post=4632"}],"curies":[{"name":"wp","href":"https:\/\/api.w.org\/{rel}","templated":true}]}}