{"id":4458,"date":"2020-01-19T15:38:56","date_gmt":"2020-01-19T12:38:56","guid":{"rendered":"https:\/\/guncelkesintiler.com\/bilgi\/?p=4458"},"modified":"2020-01-19T15:38:56","modified_gmt":"2020-01-19T12:38:56","slug":"su-kesintisi-istanbulda-biter-mi","status":"publish","type":"post","link":"https:\/\/guncelkesintiler.com\/bilgi\/su-kesintisi-istanbulda-biter-mi\/","title":{"rendered":"Su Kesintisi \u0130stanbul&#8217;da Biter Mi?"},"content":{"rendered":"<h3>\u0130stanbul\u2019un Su Kaynaklar\u0131 Nelerdir?<\/h3>\n<p>\u0130stanbul y\u00fczeysel su kaynaklar\u0131 ile beslenmektedir. Ya\u011f\u0131\u015fl\u0131 mevsimlerde gelen sular baraj ve reg\u00fclat\u00f6rlerde toplanarak gerekli ar\u0131tma i\u015flemlerinden sonra \u015fehre verilmektedir. \u0130stanbul\u2019un n\u00fcfusunun artmas\u0131 ve co\u011frafi olarak hizmet alan\u0131n\u0131n geni\u015flemesi sebebiyle artan su talebini kar\u015f\u0131lamak i\u00e7in Avrupa Yakas\u0131\u2019nda Tekirda\u011f\u2019a, Anadolu Yakas\u0131\u2019nda D\u00fczce\u2019ye kadar uzanan farkl\u0131 su havzalar\u0131ndan i\u00e7me suyu temin edilmektedir. \u0130stanbul\u2019un su kaynaklar\u0131 aras\u0131nda ; \u00d6merli Baraj\u0131, Darl\u0131k Baraj\u0131, Elmal\u0131 1 ve 2 Barajlar\u0131, Terkos Baraj\u0131, Alibeyk\u00f6y Baraj\u0131, B\u00fcy\u00fck\u00e7ekmece Baraj\u0131, Sazl\u0131dere Baraj\u0131, D\u00fczdere Baraj\u0131, Kuzuludere Baraj\u0131, B\u00fcy\u00fckdere Baraj\u0131, Sultanbah\u00e7edere Baraj\u0131, Elmal\u0131dere Baraj\u0131, Kazandere Baraj\u0131, Pabu\u00e7dere Baraj\u0131, Ye\u015fil\u00e7ay Reg\u00fclat\u00f6r\u00fc, Melen 1 ve 2 Reg\u00fclat\u00f6rleri, Ye\u015filvadi Reg\u00fclat\u00f6r\u00fc, \u015eile Keson Kuyular\u0131 vard\u0131r. \u0130stanbul\u2019da g\u00fcnl\u00fck ortalama (4 ayl\u0131k ortalama) 2 milyon 642 bin 907 metrek\u00fcp su kullan\u0131lmaktad\u0131r. \u0130stanbul\u2019un su kaynaklar\u0131 aras\u0131na kat\u0131lan Melen, Sakarya Nehri ve Ye\u015fil\u00e7ay Sistemi\u2019nden de su al\u0131nmaktad\u0131r.<\/p>\n<p>&nbsp;<\/p>\n<h3>Su Kaynaklar\u0131 Ne Durumdad\u0131r?<\/h3>\n<p>Sonbahar mevsiminin kurak ve mevsim normallerinin \u00fcst\u00fcnde s\u0131cak ge\u00e7mesi su kaynaklar\u0131n\u0131n doluluk oran\u0131n\u0131 etkilemektedir. \u0130stanbul Su ve Kanalizasyon \u0130daresi (\u0130SK\u0130) verilerine g\u00f6re, kente su sa\u011flayan barajlardaki doluluk oran\u0131 Ocak 2020 itibariyle y\u00fczde 35,65 olarak \u00f6l\u00e7\u00fcld\u00fc.<\/p>\n<p>\u0130SK\u0130 Genel M\u00fcd\u00fcrl\u00fc\u011f\u00fcnden yap\u0131lan a\u00e7\u0131klamada, \u0130stanbul&#8217;da barajlardaki doluluk oran\u0131n\u0131n ge\u00e7mi\u015f y\u0131llar\u0131n ortalamalar\u0131na nazaran s\u0131rad\u0131\u015f\u0131 olmad\u0131\u011f\u0131 belirtildi.<\/p>\n<p>2016 y\u0131l\u0131nda doluluk oranlar\u0131n\u0131n y\u00fczde 37, 2014&#8217;te y\u00fczde 45, 2013&#8217;te ise y\u00fczde 39 seviyesinde oldu\u011fu belirtilen a\u00e7\u0131klamada &#8220;\u0130stanbul&#8217;da mevsim ortalamalar\u0131n\u0131n alt\u0131nda ya\u011f\u0131\u015fs\u0131z ge\u00e7en bir ekim ve kas\u0131m ay\u0131 ya\u015fansa da ya\u011f\u0131\u015flar\u0131n giderek artmas\u0131 ve barajlardaki doluluk oranlar\u0131n\u0131n da ge\u00e7mi\u015f y\u0131llarda oldu\u011fu gibi h\u0131zla y\u00fckselmesi beklenmektedir.&#8221; denildi.<\/p>\n<p>\u00dclkemiz su kaynaklar\u0131 a\u00e7\u0131s\u0131ndan zengin bir \u00fclkedir. E\u011fer suyumuzu israf etmeyip gerekti\u011fi \u015fekilde kullan\u0131rsak su kaynaklar\u0131m\u0131z \u00fclkemize yetecektir. Ancak h\u0131zla artan \u0130stanbul\u2019un n\u00fcfusunu d\u00fc\u015f\u00fcnd\u00fc\u011f\u00fcm\u00fczde ne kadar tasarruflu kullan\u0131l\u0131rsa kullan\u0131ls\u0131n ilerleyen y\u0131llarda \u0130stanbul\u2019u su s\u0131k\u0131nt\u0131s\u0131n\u0131n bekledi\u011fini g\u00f6rmekteyiz<\/p>\n<p>T\u00fcm bunlar\u0131n yan\u0131nda <span>altyap\u0131 eksikli\u011fi ile alakal\u0131 a\u00e7\u0131klamalar <\/span><span>iskinin g\u00f6revidir. \u0130SK\u0130 belediyeye ba\u011fl\u0131 oldu\u011fu gibi su ile alakal\u0131 durumlar \u0130SK\u0130&#8217;ye sorulmal\u0131d\u0131r. \u0130nternet sitesinden<\/span><br \/>\n<span>ar\u0131za kaynakl\u0131 ve planl\u0131 kesintiler ile ilgili a\u00e7\u0131klamalar hakk\u0131nda<\/span><br \/>\n<a href=\"https:\/\/guncelkesintiler.com\/istanbul\/su-kesintisi\/\" target=\"_blank\" rel=\"nofollow noopener noreferrer\">https:\/\/guncelkesintiler.com\/istanbul\/su-kesintisi\/<\/a><span>\u00a0sayfas\u0131nda detayl\u0131 bilgiye ula\u015f\u0131labilir.<\/span><\/p>\n","protected":false},"excerpt":{"rendered":"<p>\u0130stanbul\u2019un Su Kaynaklar\u0131 Nelerdir? \u0130stanbul y\u00fczeysel su kaynaklar\u0131 ile beslenmektedir. Ya\u011f\u0131\u015fl\u0131 mevsimlerde gelen sular baraj ve reg\u00fclat\u00f6rlerde toplanarak gerekli ar\u0131tma i\u015flemlerinden sonra \u015fehre verilmektedir. \u0130stanbul\u2019un n\u00fcfusunun artmas\u0131 ve co\u011frafi olarak hizmet alan\u0131n\u0131n geni\u015flemesi sebebiyle artan su talebini kar\u015f\u0131lamak i\u00e7in Avrupa Yakas\u0131\u2019nda Tekirda\u011f\u2019a, Anadolu Yakas\u0131\u2019nda D\u00fczce\u2019ye kadar uzanan farkl\u0131 su havzalar\u0131ndan [&hellip;]<\/p>\n","protected":false},"author":4,"featured_media":4460,"comment_status":"open","ping_status":"closed","sticky":false,"template":"","format":"standard","meta":{"footnotes":""},"categories":[39,38],"tags":[55,156,153,154,155,67],"class_list":["post-4458","post","type-post","status-publish","format-standard","has-post-thumbnail","hentry","category-iski","category-su","tag-iski","tag-iski-verileri","tag-istanbul-su-kaynaklari","tag-istanbul-su-kesintisi","tag-su-kaynaklari","tag-su-kesintisi"],"yoast_head":"<!-- This site is optimized with the Yoast SEO plugin v27.5 - https:\/\/yoast.com\/product\/yoast-seo-wordpress\/ -->\n<title>Su Kesintisi \u0130stanbul&#039;da Biter Mi? - G\u00fcncel Kesintiler<\/title>\n<meta name=\"robots\" content=\"index, follow, max-snippet:-1, max-image-preview:large, max-video-preview:-1\" \/>\n<link rel=\"canonical\" href=\"https:\/\/guncelkesintiler.com\/bilgi\/su-kesintisi-istanbulda-biter-mi\/\" \/>\n<meta property=\"og:locale\" content=\"tr_TR\" \/>\n<meta property=\"og:type\" content=\"article\" \/>\n<meta property=\"og:title\" content=\"Su Kesintisi \u0130stanbul&#039;da Biter Mi? - G\u00fcncel Kesintiler\" \/>\n<meta property=\"og:description\" content=\"\u0130stanbul\u2019un Su Kaynaklar\u0131 Nelerdir? \u0130stanbul y\u00fczeysel su kaynaklar\u0131 ile beslenmektedir. Ya\u011f\u0131\u015fl\u0131 mevsimlerde gelen sular baraj ve reg\u00fclat\u00f6rlerde toplanarak gerekli ar\u0131tma i\u015flemlerinden sonra \u015fehre verilmektedir. \u0130stanbul\u2019un n\u00fcfusunun artmas\u0131 ve co\u011frafi olarak hizmet alan\u0131n\u0131n geni\u015flemesi sebebiyle artan su talebini kar\u015f\u0131lamak i\u00e7in Avrupa Yakas\u0131\u2019nda Tekirda\u011f\u2019a, Anadolu Yakas\u0131\u2019nda D\u00fczce\u2019ye kadar uzanan farkl\u0131 su havzalar\u0131ndan [&hellip;]\" \/>\n<meta property=\"og:url\" content=\"https:\/\/guncelkesintiler.com\/bilgi\/su-kesintisi-istanbulda-biter-mi\/\" \/>\n<meta property=\"og:site_name\" content=\"G\u00fcncel Kesintiler\" \/>\n<meta property=\"article:published_time\" content=\"2020-01-19T12:38:56+00:00\" \/>\n<meta property=\"og:image\" content=\"https:\/\/guncelkesintiler.com\/bilgi\/wp-content\/uploads\/2020\/01\/2092516_620x410.jpg\" \/>\n\t<meta property=\"og:image:width\" content=\"620\" \/>\n\t<meta property=\"og:image:height\" content=\"410\" \/>\n\t<meta property=\"og:image:type\" content=\"image\/jpeg\" \/>\n<meta name=\"author\" content=\"Ahmet \u00c7\u0131nar\" \/>\n<meta name=\"twitter:card\" content=\"summary_large_image\" \/>\n<meta name=\"twitter:creator\" content=\"@GuncelKesinti\" \/>\n<meta name=\"twitter:site\" content=\"@GuncelKesinti\" \/>\n<meta name=\"twitter:label1\" content=\"Yazan:\" \/>\n\t<meta name=\"twitter:data1\" content=\"Ahmet \u00c7\u0131nar\" \/>\n\t<meta name=\"twitter:label2\" content=\"Tahmini okuma s\u00fcresi\" \/>\n\t<meta name=\"twitter:data2\" content=\"2 dakika\" \/>\n<!-- \/ Yoast SEO plugin. -->","yoast_head_json":{"title":"Su Kesintisi \u0130stanbul'da Biter Mi? - G\u00fcncel Kesintiler","robots":{"index":"index","follow":"follow","max-snippet":"max-snippet:-1","max-image-preview":"max-image-preview:large","max-video-preview":"max-video-preview:-1"},"canonical":"https:\/\/guncelkesintiler.com\/bilgi\/su-kesintisi-istanbulda-biter-mi\/","og_locale":"tr_TR","og_type":"article","og_title":"Su Kesintisi \u0130stanbul'da Biter Mi? - G\u00fcncel Kesintiler","og_description":"\u0130stanbul\u2019un Su Kaynaklar\u0131 Nelerdir? \u0130stanbul y\u00fczeysel su kaynaklar\u0131 ile beslenmektedir. Ya\u011f\u0131\u015fl\u0131 mevsimlerde gelen sular baraj ve reg\u00fclat\u00f6rlerde toplanarak gerekli ar\u0131tma i\u015flemlerinden sonra \u015fehre verilmektedir. \u0130stanbul\u2019un n\u00fcfusunun artmas\u0131 ve co\u011frafi olarak hizmet alan\u0131n\u0131n geni\u015flemesi sebebiyle artan su talebini kar\u015f\u0131lamak i\u00e7in Avrupa Yakas\u0131\u2019nda Tekirda\u011f\u2019a, Anadolu Yakas\u0131\u2019nda D\u00fczce\u2019ye kadar uzanan farkl\u0131 su havzalar\u0131ndan [&hellip;]","og_url":"https:\/\/guncelkesintiler.com\/bilgi\/su-kesintisi-istanbulda-biter-mi\/","og_site_name":"G\u00fcncel Kesintiler","article_published_time":"2020-01-19T12:38:56+00:00","og_image":[{"width":620,"height":410,"url":"https:\/\/guncelkesintiler.com\/bilgi\/wp-content\/uploads\/2020\/01\/2092516_620x410.jpg","type":"image\/jpeg"}],"author":"Ahmet \u00c7\u0131nar","twitter_card":"summary_large_image","twitter_creator":"@GuncelKesinti","twitter_site":"@GuncelKesinti","twitter_misc":{"Yazan:":"Ahmet \u00c7\u0131nar","Tahmini okuma s\u00fcresi":"2 dakika"},"schema":{"@context":"https:\/\/schema.org","@graph":[{"@type":"Article","@id":"https:\/\/guncelkesintiler.com\/bilgi\/su-kesintisi-istanbulda-biter-mi\/#article","isPartOf":{"@id":"https:\/\/guncelkesintiler.com\/bilgi\/su-kesintisi-istanbulda-biter-mi\/"},"author":{"name":"Ahmet \u00c7\u0131nar","@id":"https:\/\/guncelkesintiler.com\/bilgi\/#\/schema\/person\/268b919aa6ec5b17e1ceb81b33278b29"},"headline":"Su Kesintisi \u0130stanbul&#8217;da Biter Mi?","datePublished":"2020-01-19T12:38:56+00:00","mainEntityOfPage":{"@id":"https:\/\/guncelkesintiler.com\/bilgi\/su-kesintisi-istanbulda-biter-mi\/"},"wordCount":452,"commentCount":0,"publisher":{"@id":"https:\/\/guncelkesintiler.com\/bilgi\/#organization"},"image":{"@id":"https:\/\/guncelkesintiler.com\/bilgi\/su-kesintisi-istanbulda-biter-mi\/#primaryimage"},"thumbnailUrl":"https:\/\/guncelkesintiler.com\/bilgi\/wp-content\/uploads\/2020\/01\/2092516_620x410.jpg","keywords":["\u0130ski","iski verileri","istanbul su kaynaklar\u0131","istanbul su kesintisi","su kaynaklar\u0131","su kesintisi"],"articleSection":["\u0130ski","Su"],"inLanguage":"tr","potentialAction":[{"@type":"CommentAction","name":"Comment","target":["https:\/\/guncelkesintiler.com\/bilgi\/su-kesintisi-istanbulda-biter-mi\/#respond"]}]},{"@type":"WebPage","@id":"https:\/\/guncelkesintiler.com\/bilgi\/su-kesintisi-istanbulda-biter-mi\/","url":"https:\/\/guncelkesintiler.com\/bilgi\/su-kesintisi-istanbulda-biter-mi\/","name":"Su Kesintisi \u0130stanbul'da Biter Mi? - G\u00fcncel Kesintiler","isPartOf":{"@id":"https:\/\/guncelkesintiler.com\/bilgi\/#website"},"primaryImageOfPage":{"@id":"https:\/\/guncelkesintiler.com\/bilgi\/su-kesintisi-istanbulda-biter-mi\/#primaryimage"},"image":{"@id":"https:\/\/guncelkesintiler.com\/bilgi\/su-kesintisi-istanbulda-biter-mi\/#primaryimage"},"thumbnailUrl":"https:\/\/guncelkesintiler.com\/bilgi\/wp-content\/uploads\/2020\/01\/2092516_620x410.jpg","datePublished":"2020-01-19T12:38:56+00:00","breadcrumb":{"@id":"https:\/\/guncelkesintiler.com\/bilgi\/su-kesintisi-istanbulda-biter-mi\/#breadcrumb"},"inLanguage":"tr","potentialAction":[{"@type":"ReadAction","target":["https:\/\/guncelkesintiler.com\/bilgi\/su-kesintisi-istanbulda-biter-mi\/"]}]},{"@type":"ImageObject","inLanguage":"tr","@id":"https:\/\/guncelkesintiler.com\/bilgi\/su-kesintisi-istanbulda-biter-mi\/#primaryimage","url":"https:\/\/guncelkesintiler.com\/bilgi\/wp-content\/uploads\/2020\/01\/2092516_620x410.jpg","contentUrl":"https:\/\/guncelkesintiler.com\/bilgi\/wp-content\/uploads\/2020\/01\/2092516_620x410.jpg","width":620,"height":410},{"@type":"BreadcrumbList","@id":"https:\/\/guncelkesintiler.com\/bilgi\/su-kesintisi-istanbulda-biter-mi\/#breadcrumb","itemListElement":[{"@type":"ListItem","position":1,"name":"Ana sayfa","item":"https:\/\/guncelkesintiler.com\/bilgi\/"},{"@type":"ListItem","position":2,"name":"Su Kesintisi \u0130stanbul&#8217;da Biter Mi?"}]},{"@type":"WebSite","@id":"https:\/\/guncelkesintiler.com\/bilgi\/#website","url":"https:\/\/guncelkesintiler.com\/bilgi\/","name":"G\u00fcncel Kesintiler","description":"Elektrik ve Su Kesintisi Haberleri","publisher":{"@id":"https:\/\/guncelkesintiler.com\/bilgi\/#organization"},"potentialAction":[{"@type":"SearchAction","target":{"@type":"EntryPoint","urlTemplate":"https:\/\/guncelkesintiler.com\/bilgi\/?s={search_term_string}"},"query-input":{"@type":"PropertyValueSpecification","valueRequired":true,"valueName":"search_term_string"}}],"inLanguage":"tr"},{"@type":"Organization","@id":"https:\/\/guncelkesintiler.com\/bilgi\/#organization","name":"G\u00fcncel Kesintiler","url":"https:\/\/guncelkesintiler.com\/bilgi\/","logo":{"@type":"ImageObject","inLanguage":"tr","@id":"https:\/\/guncelkesintiler.com\/bilgi\/#\/schema\/logo\/image\/","url":"https:\/\/guncelkesintiler.com\/bilgi\/wp-content\/uploads\/2019\/11\/logo.png","contentUrl":"https:\/\/guncelkesintiler.com\/bilgi\/wp-content\/uploads\/2019\/11\/logo.png","width":156,"height":64,"caption":"G\u00fcncel Kesintiler"},"image":{"@id":"https:\/\/guncelkesintiler.com\/bilgi\/#\/schema\/logo\/image\/"},"sameAs":["https:\/\/x.com\/GuncelKesinti"]},{"@type":"Person","@id":"https:\/\/guncelkesintiler.com\/bilgi\/#\/schema\/person\/268b919aa6ec5b17e1ceb81b33278b29","name":"Ahmet \u00c7\u0131nar","image":{"@type":"ImageObject","inLanguage":"tr","@id":"https:\/\/secure.gravatar.com\/avatar\/c119eadbb9f21fe9bd1f5f08ada8e9735e94bfe67917f236d253850389611e21?s=96&d=identicon&r=g","url":"https:\/\/secure.gravatar.com\/avatar\/c119eadbb9f21fe9bd1f5f08ada8e9735e94bfe67917f236d253850389611e21?s=96&d=identicon&r=g","contentUrl":"https:\/\/secure.gravatar.com\/avatar\/c119eadbb9f21fe9bd1f5f08ada8e9735e94bfe67917f236d253850389611e21?s=96&d=identicon&r=g","caption":"Ahmet \u00c7\u0131nar"},"description":"Siteler i\u00e7in kaliteli haber ve bilgi i\u00e7eri\u011fi \u00fcretir. Bursa'da ya\u015f\u0131yor, hareketli ya\u015famay\u0131 seviyor. Yaz\u0131 yazmay\u0131, payla\u015fmay\u0131 seviyor.","sameAs":["https:\/\/guncelkesintiler.com"],"url":"https:\/\/guncelkesintiler.com\/bilgi\/author\/ahmet\/"}]}},"_links":{"self":[{"href":"https:\/\/guncelkesintiler.com\/bilgi\/wp-json\/wp\/v2\/posts\/4458","targetHints":{"allow":["GET"]}}],"collection":[{"href":"https:\/\/guncelkesintiler.com\/bilgi\/wp-json\/wp\/v2\/posts"}],"about":[{"href":"https:\/\/guncelkesintiler.com\/bilgi\/wp-json\/wp\/v2\/types\/post"}],"author":[{"embeddable":true,"href":"https:\/\/guncelkesintiler.com\/bilgi\/wp-json\/wp\/v2\/users\/4"}],"replies":[{"embeddable":true,"href":"https:\/\/guncelkesintiler.com\/bilgi\/wp-json\/wp\/v2\/comments?post=4458"}],"version-history":[{"count":1,"href":"https:\/\/guncelkesintiler.com\/bilgi\/wp-json\/wp\/v2\/posts\/4458\/revisions"}],"predecessor-version":[{"id":4459,"href":"https:\/\/guncelkesintiler.com\/bilgi\/wp-json\/wp\/v2\/posts\/4458\/revisions\/4459"}],"wp:featuredmedia":[{"embeddable":true,"href":"https:\/\/guncelkesintiler.com\/bilgi\/wp-json\/wp\/v2\/media\/4460"}],"wp:attachment":[{"href":"https:\/\/guncelkesintiler.com\/bilgi\/wp-json\/wp\/v2\/media?parent=4458"}],"wp:term":[{"taxonomy":"category","embeddable":true,"href":"https:\/\/guncelkesintiler.com\/bilgi\/wp-json\/wp\/v2\/categories?post=4458"},{"taxonomy":"post_tag","embeddable":true,"href":"https:\/\/guncelkesintiler.com\/bilgi\/wp-json\/wp\/v2\/tags?post=4458"}],"curies":[{"name":"wp","href":"https:\/\/api.w.org\/{rel}","templated":true}]}}