{"id":4358,"date":"2019-12-10T10:10:03","date_gmt":"2019-12-10T07:10:03","guid":{"rendered":"https:\/\/guncelkesintiler.com\/bilgi\/?p=4358"},"modified":"2019-12-10T10:10:03","modified_gmt":"2019-12-10T07:10:03","slug":"elimiz-ayagimiz-suyumuz-kesilirse","status":"publish","type":"post","link":"https:\/\/guncelkesintiler.com\/bilgi\/elimiz-ayagimiz-suyumuz-kesilirse\/","title":{"rendered":"Elimiz Aya\u011f\u0131m\u0131z Suyumuz Kesilirse?"},"content":{"rendered":"<p>Her canl\u0131n\u0131n b\u00fcnyesinde su bulunmaktad\u0131r. Su; hayat kayna\u011f\u0131d\u0131r,ya\u015famd\u0131r. Canl\u0131lar\u0131n vazge\u00e7ilmez i\u00e7ece\u011fidir. Mikroplar\u0131 b\u00fcnyeden uzak tutan olmazsa olmaz gereksinimizdir. Suyun olmad\u0131\u011f\u0131 yerde hayat belirtisi yoktur. Salg\u0131n hastal\u0131klar suyun olmad\u0131\u011f\u0131 yerde ortaya \u00e7\u0131kar. Birle\u015fmi\u015f Milletler \u00c7ocuklara Yard\u0131m Fonu UNICEF ve D\u00fcnya Sa\u011fl\u0131k \u00d6rg\u00fct\u00fcn\u00fcn(WHO)\u00a0 raporuna g\u00f6re d\u00fcnya \u00fczerinde 780 milyon ki\u015finin temiz ve i\u00e7ilebilir suya eri\u015fimi yok. Bu korkun\u00e7 bir rakam.<\/p>\n<p>T\u00fcrkiye, \u00fc\u00e7 taraf\u0131 denizlerle \u00e7evrili bir \u00fclke olmas\u0131na ra\u011fmen uzmanlar\u0131n belirttiklerine g\u00f6re \u00f6yle su zengini bir \u00fclke de\u011fildir. Piyasada bir\u00e7ok i\u00e7ilebilir su da\u011f\u0131t\u0131m\u0131 yapan firma mevcuttur. Bunun yan\u0131nda evlerimize su da\u011f\u0131t\u0131m\u0131 yapan \u015firketler bizleri rahatlatmaktad\u0131r.<\/p>\n<p>Peki bunlar bizde oluyorken her \u015fey iyi ve g\u00fczel. Ya bu su kesilseydi ne yapard\u0131k? Hepimizin evinde zaman zaman su kesintisi olmu\u015ftur. Bunlar\u0131n sebepleri bir\u00e7oktur. Genel itibariyle bak\u0131m ve onar\u0131m d\u00f6nemlerinde kesinti olur ve bazen g\u00fcnlerce olmayabilir. Suyumuz kesilirse ne yapabiliriz biz? Maddeler halinde a\u00e7\u0131klayal\u0131m.<\/p>\n<h3><strong>Su kesildi\u011finde ne yapar\u0131z?<\/strong><\/h3>\n<p>\u00d6ncelikle sa\u011fl\u0131\u011f\u0131m\u0131z\u0131 d\u00fc\u015f\u00fcnece\u011fiz ve mahalle aralar\u0131ndan herhangi bir depodan, tankerden i\u00e7me suyu temin etmeyece\u011fiz. Millet olarak su konusunda biraz tedbirli davrand\u0131\u011f\u0131m\u0131z do\u011frudur. Bu sebepten suyu baz\u0131 kaplarda muhafaza ederiz. Bu muhafazada suyun a\u011fz\u0131n\u0131 kapal\u0131 tutmal\u0131 ve g\u00fcne\u015f g\u00f6rmemesine dikkat etmeliyiz. E\u011fer b\u00f6yle yaparsak bu sular t\u00fcketilebilir.<\/p>\n<p>Herhangi bir \u015fekilde cam \u015fi\u015fe, pet, damacanadaki su kullan\u0131lacaksa Sa\u011fl\u0131k Bakanl\u0131\u011f\u0131 onayl\u0131 olmas\u0131na dikkat edilmelidir.<\/p>\n<p>Kesintide \u015febeke suyu i\u00e7me ama\u00e7l\u0131 kullan\u0131lacaksa bu su 3-4 dakika kaynat\u0131lmal\u0131 ve \u00f6yle i\u00e7ilmelidir.<\/p>\n<p>Bir\u00e7ok hastal\u0131\u011fa sebep olabilen elimizin temizli\u011fine \u00f6zen g\u00f6stermeliyiz.<\/p>\n<p>G\u00f6r\u00fclecek ishal vakalar\u0131nda hastaneye m\u00fcracaat edilmelidir.<\/p>\n<p>Kesinti sonras\u0131 \u015febekeye su geldi\u011finde bu su 2-3 dakika ak\u0131t\u0131lmal\u0131, hemen kullan\u0131lmamal\u0131d\u0131r.<\/p>\n<p>Kesintinin hangi sebepten oldu\u011funu bilmedi\u011fimiz i\u00e7in gerekli birimle irtibata ge\u00e7ip durumu \u00f6\u011frenin.<\/p>\n<p>Her ne sebepten olursa olsun su kesintisi \u00e7a\u011f\u0131m\u0131zda ya\u015fayaca\u011f\u0131m\u0131z b\u00fcy\u00fck bir felakettir. Modern insanlar olarak buna al\u0131\u015f\u0131k de\u011filiz. Su gitse elimiz aya\u011f\u0131m\u0131z kuruyor. Bu sebepten su depolanabilir ama bu depo g\u00fcne\u015f g\u00f6rmemelidir, deponun dezenfeksiyonu sa\u011flanmal\u0131d\u0131r. Evlerde i\u00e7me suyu olarak kullan\u0131lacak sular, kapal\u0131 ve g\u00fcne\u015f g\u00f6rmeyen kaplarda muhafaza edilmelidir. \u015eu unutulmamal\u0131d\u0131r ki su, bir\u00e7ok canl\u0131n\u0131n ya\u015fam kayna\u011f\u0131d\u0131r. Mikroplar suda rahatl\u0131kla \u00fcreyebildikleri i\u00e7in \u00f6zellikle i\u00e7ilebilen sularda dikkatli olmal\u0131y\u0131z.<\/p>\n","protected":false},"excerpt":{"rendered":"<p>Her canl\u0131n\u0131n b\u00fcnyesinde su bulunmaktad\u0131r. Su; hayat kayna\u011f\u0131d\u0131r,ya\u015famd\u0131r. Canl\u0131lar\u0131n vazge\u00e7ilmez i\u00e7ece\u011fidir. Mikroplar\u0131 b\u00fcnyeden uzak tutan olmazsa olmaz gereksinimizdir. Suyun olmad\u0131\u011f\u0131 yerde hayat belirtisi yoktur. Salg\u0131n hastal\u0131klar suyun olmad\u0131\u011f\u0131 yerde ortaya \u00e7\u0131kar. Birle\u015fmi\u015f Milletler \u00c7ocuklara Yard\u0131m Fonu UNICEF ve D\u00fcnya Sa\u011fl\u0131k \u00d6rg\u00fct\u00fcn\u00fcn(WHO)\u00a0 raporuna g\u00f6re d\u00fcnya \u00fczerinde 780 milyon ki\u015finin temiz ve [&hellip;]<\/p>\n","protected":false},"author":2,"featured_media":4359,"comment_status":"open","ping_status":"closed","sticky":false,"template":"","format":"standard","meta":{"footnotes":""},"categories":[38],"tags":[68,59,67,66],"class_list":["post-4358","post","type-post","status-publish","format-standard","has-post-thumbnail","hentry","category-su","tag-icme-suyu","tag-su","tag-su-kesintisi","tag-susuzluk"],"yoast_head":"<!-- This site is optimized with the Yoast SEO plugin v27.5 - https:\/\/yoast.com\/product\/yoast-seo-wordpress\/ -->\n<title>Elimiz Aya\u011f\u0131m\u0131z Suyumuz Kesilirse? - G\u00fcncel Kesintiler<\/title>\n<meta name=\"robots\" content=\"index, follow, max-snippet:-1, max-image-preview:large, max-video-preview:-1\" \/>\n<link rel=\"canonical\" href=\"https:\/\/guncelkesintiler.com\/bilgi\/elimiz-ayagimiz-suyumuz-kesilirse\/\" \/>\n<meta property=\"og:locale\" content=\"tr_TR\" \/>\n<meta property=\"og:type\" content=\"article\" \/>\n<meta property=\"og:title\" content=\"Elimiz Aya\u011f\u0131m\u0131z Suyumuz Kesilirse? - G\u00fcncel Kesintiler\" \/>\n<meta property=\"og:description\" content=\"Her canl\u0131n\u0131n b\u00fcnyesinde su bulunmaktad\u0131r. Su; hayat kayna\u011f\u0131d\u0131r,ya\u015famd\u0131r. Canl\u0131lar\u0131n vazge\u00e7ilmez i\u00e7ece\u011fidir. Mikroplar\u0131 b\u00fcnyeden uzak tutan olmazsa olmaz gereksinimizdir. Suyun olmad\u0131\u011f\u0131 yerde hayat belirtisi yoktur. Salg\u0131n hastal\u0131klar suyun olmad\u0131\u011f\u0131 yerde ortaya \u00e7\u0131kar. Birle\u015fmi\u015f Milletler \u00c7ocuklara Yard\u0131m Fonu UNICEF ve D\u00fcnya Sa\u011fl\u0131k \u00d6rg\u00fct\u00fcn\u00fcn(WHO)\u00a0 raporuna g\u00f6re d\u00fcnya \u00fczerinde 780 milyon ki\u015finin temiz ve [&hellip;]\" \/>\n<meta property=\"og:url\" content=\"https:\/\/guncelkesintiler.com\/bilgi\/elimiz-ayagimiz-suyumuz-kesilirse\/\" \/>\n<meta property=\"og:site_name\" content=\"G\u00fcncel Kesintiler\" \/>\n<meta property=\"article:published_time\" content=\"2019-12-10T07:10:03+00:00\" \/>\n<meta property=\"og:image\" content=\"https:\/\/guncelkesintiler.com\/bilgi\/wp-content\/uploads\/2019\/12\/icerik_28.jpg\" \/>\n\t<meta property=\"og:image:width\" content=\"750\" \/>\n\t<meta property=\"og:image:height\" content=\"450\" \/>\n\t<meta property=\"og:image:type\" content=\"image\/jpeg\" \/>\n<meta name=\"author\" content=\"G\u00f6khan \u00c7\u0131nar\" \/>\n<meta name=\"twitter:card\" content=\"summary_large_image\" \/>\n<meta name=\"twitter:creator\" content=\"@GuncelKesinti\" \/>\n<meta name=\"twitter:site\" content=\"@GuncelKesinti\" \/>\n<meta name=\"twitter:label1\" content=\"Yazan:\" \/>\n\t<meta name=\"twitter:data1\" content=\"G\u00f6khan \u00c7\u0131nar\" \/>\n\t<meta name=\"twitter:label2\" content=\"Tahmini okuma s\u00fcresi\" \/>\n\t<meta name=\"twitter:data2\" content=\"2 dakika\" \/>\n<!-- \/ Yoast SEO plugin. -->","yoast_head_json":{"title":"Elimiz Aya\u011f\u0131m\u0131z Suyumuz Kesilirse? - G\u00fcncel Kesintiler","robots":{"index":"index","follow":"follow","max-snippet":"max-snippet:-1","max-image-preview":"max-image-preview:large","max-video-preview":"max-video-preview:-1"},"canonical":"https:\/\/guncelkesintiler.com\/bilgi\/elimiz-ayagimiz-suyumuz-kesilirse\/","og_locale":"tr_TR","og_type":"article","og_title":"Elimiz Aya\u011f\u0131m\u0131z Suyumuz Kesilirse? - G\u00fcncel Kesintiler","og_description":"Her canl\u0131n\u0131n b\u00fcnyesinde su bulunmaktad\u0131r. Su; hayat kayna\u011f\u0131d\u0131r,ya\u015famd\u0131r. Canl\u0131lar\u0131n vazge\u00e7ilmez i\u00e7ece\u011fidir. Mikroplar\u0131 b\u00fcnyeden uzak tutan olmazsa olmaz gereksinimizdir. Suyun olmad\u0131\u011f\u0131 yerde hayat belirtisi yoktur. Salg\u0131n hastal\u0131klar suyun olmad\u0131\u011f\u0131 yerde ortaya \u00e7\u0131kar. Birle\u015fmi\u015f Milletler \u00c7ocuklara Yard\u0131m Fonu UNICEF ve D\u00fcnya Sa\u011fl\u0131k \u00d6rg\u00fct\u00fcn\u00fcn(WHO)\u00a0 raporuna g\u00f6re d\u00fcnya \u00fczerinde 780 milyon ki\u015finin temiz ve [&hellip;]","og_url":"https:\/\/guncelkesintiler.com\/bilgi\/elimiz-ayagimiz-suyumuz-kesilirse\/","og_site_name":"G\u00fcncel Kesintiler","article_published_time":"2019-12-10T07:10:03+00:00","og_image":[{"width":750,"height":450,"url":"https:\/\/guncelkesintiler.com\/bilgi\/wp-content\/uploads\/2019\/12\/icerik_28.jpg","type":"image\/jpeg"}],"author":"G\u00f6khan \u00c7\u0131nar","twitter_card":"summary_large_image","twitter_creator":"@GuncelKesinti","twitter_site":"@GuncelKesinti","twitter_misc":{"Yazan:":"G\u00f6khan \u00c7\u0131nar","Tahmini okuma s\u00fcresi":"2 dakika"},"schema":{"@context":"https:\/\/schema.org","@graph":[{"@type":"Article","@id":"https:\/\/guncelkesintiler.com\/bilgi\/elimiz-ayagimiz-suyumuz-kesilirse\/#article","isPartOf":{"@id":"https:\/\/guncelkesintiler.com\/bilgi\/elimiz-ayagimiz-suyumuz-kesilirse\/"},"author":{"name":"G\u00f6khan \u00c7\u0131nar","@id":"https:\/\/guncelkesintiler.com\/bilgi\/#\/schema\/person\/ab6191fee541385939fafd4b5fcde21a"},"headline":"Elimiz Aya\u011f\u0131m\u0131z Suyumuz Kesilirse?","datePublished":"2019-12-10T07:10:03+00:00","mainEntityOfPage":{"@id":"https:\/\/guncelkesintiler.com\/bilgi\/elimiz-ayagimiz-suyumuz-kesilirse\/"},"wordCount":462,"commentCount":0,"publisher":{"@id":"https:\/\/guncelkesintiler.com\/bilgi\/#organization"},"image":{"@id":"https:\/\/guncelkesintiler.com\/bilgi\/elimiz-ayagimiz-suyumuz-kesilirse\/#primaryimage"},"thumbnailUrl":"https:\/\/guncelkesintiler.com\/bilgi\/wp-content\/uploads\/2019\/12\/icerik_28.jpg","keywords":["i\u00e7me suyu","su","su kesintisi","susuzluk"],"articleSection":["Su"],"inLanguage":"tr","potentialAction":[{"@type":"CommentAction","name":"Comment","target":["https:\/\/guncelkesintiler.com\/bilgi\/elimiz-ayagimiz-suyumuz-kesilirse\/#respond"]}]},{"@type":"WebPage","@id":"https:\/\/guncelkesintiler.com\/bilgi\/elimiz-ayagimiz-suyumuz-kesilirse\/","url":"https:\/\/guncelkesintiler.com\/bilgi\/elimiz-ayagimiz-suyumuz-kesilirse\/","name":"Elimiz Aya\u011f\u0131m\u0131z Suyumuz Kesilirse? - G\u00fcncel Kesintiler","isPartOf":{"@id":"https:\/\/guncelkesintiler.com\/bilgi\/#website"},"primaryImageOfPage":{"@id":"https:\/\/guncelkesintiler.com\/bilgi\/elimiz-ayagimiz-suyumuz-kesilirse\/#primaryimage"},"image":{"@id":"https:\/\/guncelkesintiler.com\/bilgi\/elimiz-ayagimiz-suyumuz-kesilirse\/#primaryimage"},"thumbnailUrl":"https:\/\/guncelkesintiler.com\/bilgi\/wp-content\/uploads\/2019\/12\/icerik_28.jpg","datePublished":"2019-12-10T07:10:03+00:00","breadcrumb":{"@id":"https:\/\/guncelkesintiler.com\/bilgi\/elimiz-ayagimiz-suyumuz-kesilirse\/#breadcrumb"},"inLanguage":"tr","potentialAction":[{"@type":"ReadAction","target":["https:\/\/guncelkesintiler.com\/bilgi\/elimiz-ayagimiz-suyumuz-kesilirse\/"]}]},{"@type":"ImageObject","inLanguage":"tr","@id":"https:\/\/guncelkesintiler.com\/bilgi\/elimiz-ayagimiz-suyumuz-kesilirse\/#primaryimage","url":"https:\/\/guncelkesintiler.com\/bilgi\/wp-content\/uploads\/2019\/12\/icerik_28.jpg","contentUrl":"https:\/\/guncelkesintiler.com\/bilgi\/wp-content\/uploads\/2019\/12\/icerik_28.jpg","width":750,"height":450},{"@type":"BreadcrumbList","@id":"https:\/\/guncelkesintiler.com\/bilgi\/elimiz-ayagimiz-suyumuz-kesilirse\/#breadcrumb","itemListElement":[{"@type":"ListItem","position":1,"name":"Ana sayfa","item":"https:\/\/guncelkesintiler.com\/bilgi\/"},{"@type":"ListItem","position":2,"name":"Elimiz Aya\u011f\u0131m\u0131z Suyumuz Kesilirse?"}]},{"@type":"WebSite","@id":"https:\/\/guncelkesintiler.com\/bilgi\/#website","url":"https:\/\/guncelkesintiler.com\/bilgi\/","name":"G\u00fcncel Kesintiler","description":"Elektrik ve Su Kesintisi Haberleri","publisher":{"@id":"https:\/\/guncelkesintiler.com\/bilgi\/#organization"},"potentialAction":[{"@type":"SearchAction","target":{"@type":"EntryPoint","urlTemplate":"https:\/\/guncelkesintiler.com\/bilgi\/?s={search_term_string}"},"query-input":{"@type":"PropertyValueSpecification","valueRequired":true,"valueName":"search_term_string"}}],"inLanguage":"tr"},{"@type":"Organization","@id":"https:\/\/guncelkesintiler.com\/bilgi\/#organization","name":"G\u00fcncel Kesintiler","url":"https:\/\/guncelkesintiler.com\/bilgi\/","logo":{"@type":"ImageObject","inLanguage":"tr","@id":"https:\/\/guncelkesintiler.com\/bilgi\/#\/schema\/logo\/image\/","url":"https:\/\/guncelkesintiler.com\/bilgi\/wp-content\/uploads\/2019\/11\/logo.png","contentUrl":"https:\/\/guncelkesintiler.com\/bilgi\/wp-content\/uploads\/2019\/11\/logo.png","width":156,"height":64,"caption":"G\u00fcncel Kesintiler"},"image":{"@id":"https:\/\/guncelkesintiler.com\/bilgi\/#\/schema\/logo\/image\/"},"sameAs":["https:\/\/x.com\/GuncelKesinti"]},{"@type":"Person","@id":"https:\/\/guncelkesintiler.com\/bilgi\/#\/schema\/person\/ab6191fee541385939fafd4b5fcde21a","name":"G\u00f6khan \u00c7\u0131nar","image":{"@type":"ImageObject","inLanguage":"tr","@id":"https:\/\/secure.gravatar.com\/avatar\/86fe14a7515b427297f9f80892474a3982069a653c36baae4527accefce31a87?s=96&d=identicon&r=g","url":"https:\/\/secure.gravatar.com\/avatar\/86fe14a7515b427297f9f80892474a3982069a653c36baae4527accefce31a87?s=96&d=identicon&r=g","contentUrl":"https:\/\/secure.gravatar.com\/avatar\/86fe14a7515b427297f9f80892474a3982069a653c36baae4527accefce31a87?s=96&d=identicon&r=g","caption":"G\u00f6khan \u00c7\u0131nar"},"description":"Site y\u00f6neticisi ve imtiyaz sahibi. 2015 y\u0131l\u0131nda kurdu\u011fu G\u00fcncel kesintiler internet sitesi ile T\u00fcrkiye'nin elektrik ve su kesintisi haberlerini y\u0131llard\u0131r milyonlarca ki\u015fi ile payla\u015f\u0131yor.","sameAs":["https:\/\/guncelkesintiler.com"],"url":"https:\/\/guncelkesintiler.com\/bilgi\/author\/gokhan\/"}]}},"_links":{"self":[{"href":"https:\/\/guncelkesintiler.com\/bilgi\/wp-json\/wp\/v2\/posts\/4358","targetHints":{"allow":["GET"]}}],"collection":[{"href":"https:\/\/guncelkesintiler.com\/bilgi\/wp-json\/wp\/v2\/posts"}],"about":[{"href":"https:\/\/guncelkesintiler.com\/bilgi\/wp-json\/wp\/v2\/types\/post"}],"author":[{"embeddable":true,"href":"https:\/\/guncelkesintiler.com\/bilgi\/wp-json\/wp\/v2\/users\/2"}],"replies":[{"embeddable":true,"href":"https:\/\/guncelkesintiler.com\/bilgi\/wp-json\/wp\/v2\/comments?post=4358"}],"version-history":[{"count":3,"href":"https:\/\/guncelkesintiler.com\/bilgi\/wp-json\/wp\/v2\/posts\/4358\/revisions"}],"predecessor-version":[{"id":4362,"href":"https:\/\/guncelkesintiler.com\/bilgi\/wp-json\/wp\/v2\/posts\/4358\/revisions\/4362"}],"wp:featuredmedia":[{"embeddable":true,"href":"https:\/\/guncelkesintiler.com\/bilgi\/wp-json\/wp\/v2\/media\/4359"}],"wp:attachment":[{"href":"https:\/\/guncelkesintiler.com\/bilgi\/wp-json\/wp\/v2\/media?parent=4358"}],"wp:term":[{"taxonomy":"category","embeddable":true,"href":"https:\/\/guncelkesintiler.com\/bilgi\/wp-json\/wp\/v2\/categories?post=4358"},{"taxonomy":"post_tag","embeddable":true,"href":"https:\/\/guncelkesintiler.com\/bilgi\/wp-json\/wp\/v2\/tags?post=4358"}],"curies":[{"name":"wp","href":"https:\/\/api.w.org\/{rel}","templated":true}]}}